{"id":111,"date":"2018-09-26T17:03:48","date_gmt":"2018-09-26T22:03:48","guid":{"rendered":"https:\/\/artes.utp.edu.co\/artes-visuales\/2018\/09\/26\/proyecto-educativo-del-programa\/"},"modified":"2018-09-26T17:03:48","modified_gmt":"2018-09-26T22:03:48","slug":"proyecto-educativo-del-programa","status":"publish","type":"post","link":"https:\/\/artes.utp.edu.co\/artes-visuales\/sin-categoria\/proyecto-educativo-del-programa\/","title":{"rendered":"Proyecto Educativo del Programa"},"content":{"rendered":"\n<div>\n<div>\n<div>\n<p><span>El Proyecto Educativo del Programa, PEP,&nbsp;contiene algunas modificaciones curriculares a partir de las experiencias del programa vigente. La organizaci\u00f3n propuesta est\u00e1 dirigida b\u00e1sicamente al fortalecimiento de la Licenciatura en Artes Visuales y sus cuatro pilares de formaci\u00f3n: Art\u00edstico, Humanista, Pedag\u00f3gico y Tecnol\u00f3gico, mediante las l\u00edneas de investigaci\u00f3n: Art\u00edstica con fines Pedag\u00f3gicos, de Comprensi\u00f3n y Construcci\u00f3n de Referentes, de Creaci\u00f3n de Obra y de Procesos Art\u00edsticos de Edici\u00f3n.&nbsp;<\/span><\/p>\n<\/div>\n<\/div>\n<\/div>\n","protected":false},"excerpt":{"rendered":"<p>El Proyecto Educativo del Programa, PEP,&nbsp;contiene algunas modificaciones curriculares a partir de las experiencias del programa vigente. La organizaci\u00f3n propuesta est\u00e1 dirigida b\u00e1sicamente al fortalecimiento de la Licenciatura en Artes Visuales y sus cuatro pilares [&#8230;]<\/p>\n","protected":false},"author":1,"featured_media":0,"comment_status":"closed","ping_status":"closed","sticky":false,"template":"","format":"standard","meta":{"footnotes":""},"categories":[1],"tags":[],"class_list":["post-111","post","type-post","status-publish","format-standard","hentry","category-sin-categoria"],"_links":{"self":[{"href":"https:\/\/artes.utp.edu.co\/artes-visuales\/wp-json\/wp\/v2\/posts\/111","targetHints":{"allow":["GET"]}}],"collection":[{"href":"https:\/\/artes.utp.edu.co\/artes-visuales\/wp-json\/wp\/v2\/posts"}],"about":[{"href":"https:\/\/artes.utp.edu.co\/artes-visuales\/wp-json\/wp\/v2\/types\/post"}],"author":[{"embeddable":true,"href":"https:\/\/artes.utp.edu.co\/artes-visuales\/wp-json\/wp\/v2\/users\/1"}],"replies":[{"embeddable":true,"href":"https:\/\/artes.utp.edu.co\/artes-visuales\/wp-json\/wp\/v2\/comments?post=111"}],"version-history":[{"count":1,"href":"https:\/\/artes.utp.edu.co\/artes-visuales\/wp-json\/wp\/v2\/posts\/111\/revisions"}],"predecessor-version":[{"id":10007,"href":"https:\/\/artes.utp.edu.co\/artes-visuales\/wp-json\/wp\/v2\/posts\/111\/revisions\/10007"}],"wp:attachment":[{"href":"https:\/\/artes.utp.edu.co\/artes-visuales\/wp-json\/wp\/v2\/media?parent=111"}],"wp:term":[{"taxonomy":"category","embeddable":true,"href":"https:\/\/artes.utp.edu.co\/artes-visuales\/wp-json\/wp\/v2\/categories?post=111"},{"taxonomy":"post_tag","embeddable":true,"href":"https:\/\/artes.utp.edu.co\/artes-visuales\/wp-json\/wp\/v2\/tags?post=111"}],"curies":[{"name":"wp","href":"https:\/\/api.w.org\/{rel}","templated":true}]}}