{"id":12,"date":"2011-07-11T15:55:51","date_gmt":"2011-07-11T20:55:51","guid":{"rendered":"https:\/\/artes.utp.edu.co\/artes-visuales\/2011\/07\/11\/cursos-de-extension\/"},"modified":"2011-07-11T15:55:51","modified_gmt":"2011-07-11T20:55:51","slug":"cursos-de-extension","status":"publish","type":"post","link":"https:\/\/artes.utp.edu.co\/artes-visuales\/sin-categoria\/cursos-de-extension\/","title":{"rendered":"Cursos de Extensi\u00f3n"},"content":{"rendered":"\n<p>Con el objetivo de satisfacer las necesidades de formaci\u00f3n del talento humano, la Coordinaci\u00f3n de los Cursos de Extensi\u00f3n de la Licenciatura en Artes Visuales desarrolla programas de Educaci\u00f3n Corporativa (cursos y diplomados)&nbsp; dirigidos a grupos cerrados de las empresas, enmarcados bajo sus objetivos&nbsp; estrat\u00e9gicos y dise\u00f1ados con altos est\u00e1ndares de calidad<\/p>\n\n\n\n<p><strong>Comunicaci\u00f3n escrita, redacci\u00f3n y ortograf\u00eda<\/strong><\/p>\n\n\n\n<p>Ofrece un ejercicio de escritura consciente. Esclarece cada una de las partes de la escritura, cada uno de sus signos y la forma en que se redacta un documento.<\/p>\n\n\n\n<p><strong>El Arte de Hablar en P\u00fablico: Expresi\u00f3n Oral y Corporal<\/strong><strong> <\/strong><\/p>\n\n\n\n<p>Fortalece la autoestima al permitir una comunicaci\u00f3n efectiva,&nbsp; clara y eficaz en el entorno profesional, laboral y personal, eliminando temores fundamentados en la dicci\u00f3n, en la voz d\u00e9bil, en la forma de concretar ideas y en la capacidad para manejo de p\u00fablico y auditorios.<\/p>\n\n\n\n<p><strong>T\u00e9cnicas de Argumentaci\u00f3n <\/strong><\/p>\n\n\n\n<p>Permite elaborar un buen discurso y, sobre todo, un discurso convincente, con argumentos fuertes que propicien el encuentro con el otro.<\/p>\n\n\n\n<p><strong>Comunicaci\u00f3n y Cooperaci\u00f3n Humana<\/strong><\/p>\n\n\n\n<p>El participante aprende a&nbsp; negociar sin sentirse derrotado, enojado o frustrado. Identifica&nbsp;&nbsp; los&nbsp; factores que promueven la agresividad,&nbsp; refuerza actitudes&nbsp; que mejoran la&nbsp; comunicaci\u00f3n y propone estrategias orientadas a tener un mejor manejo de las emociones.<\/p>\n\n\n\n<p><strong>Hatha Yoga<\/strong><\/p>\n\n\n\n<p>Mejora el&nbsp; nivel de aptitud personal y laboral. Las clases est\u00e1n planteadas especialmente para reducir el estr\u00e9s laboral. Desarrolla en los&nbsp; participantes&nbsp; un estilo de vida saludable con la realizaci\u00f3n de una buena postura, balance, relajamiento y t\u00e9cnicas de respiraci\u00f3n.<\/p>\n\n\n\n<p><strong>Herramientas para el Mejoramiento Continuo de la Calidad<\/strong><\/p>\n\n\n\n<p>Identifica y aplica herramientas estad\u00edsticas&nbsp; permitiendo&nbsp; tener un soporte o evidencia para la toma de decisiones por parte de la alta direcci\u00f3n del Sistema de Gesti\u00f3n de la Calidad de la organizaci\u00f3n.<\/p>\n\n\n\n<p><strong>Finanzas Personales y Econom\u00eda del Hogar<\/strong><\/p>\n\n\n\n<p>Los participantes analizan&nbsp; herramientas que les permite incorporar h\u00e1bitos de buen consumo, planificar el presupuesto y usar convenientemente el dinero para optimizar el manejo de su econom\u00eda familiar.<\/p>\n\n\n\n<p><strong>Certificaci\u00f3n<\/strong>:&nbsp;La Universidad Tecnol\u00f3gica de Pereira otorgar\u00e1 certificado de asistencia a qui\u00e9n asista por lo menos al 80% de las clases programadas y desarrolle satisfactoriamente las actividades programadas.<\/p>\n","protected":false},"excerpt":{"rendered":"<p>Con el objetivo de satisfacer las necesidades de formaci\u00f3n del talento humano, la Coordinaci\u00f3n de los Cursos de Extensi\u00f3n de la Licenciatura en Artes Visuales desarrolla programas de Educaci\u00f3n Corporativa (cursos y diplomados)&nbsp; dirigidos a [&#8230;]<\/p>\n","protected":false},"author":1,"featured_media":0,"comment_status":"closed","ping_status":"closed","sticky":false,"template":"","format":"standard","meta":{"footnotes":""},"categories":[1],"tags":[],"class_list":["post-12","post","type-post","status-publish","format-standard","hentry","category-sin-categoria"],"_links":{"self":[{"href":"https:\/\/artes.utp.edu.co\/artes-visuales\/wp-json\/wp\/v2\/posts\/12","targetHints":{"allow":["GET"]}}],"collection":[{"href":"https:\/\/artes.utp.edu.co\/artes-visuales\/wp-json\/wp\/v2\/posts"}],"about":[{"href":"https:\/\/artes.utp.edu.co\/artes-visuales\/wp-json\/wp\/v2\/types\/post"}],"author":[{"embeddable":true,"href":"https:\/\/artes.utp.edu.co\/artes-visuales\/wp-json\/wp\/v2\/users\/1"}],"replies":[{"embeddable":true,"href":"https:\/\/artes.utp.edu.co\/artes-visuales\/wp-json\/wp\/v2\/comments?post=12"}],"version-history":[{"count":0,"href":"https:\/\/artes.utp.edu.co\/artes-visuales\/wp-json\/wp\/v2\/posts\/12\/revisions"}],"wp:attachment":[{"href":"https:\/\/artes.utp.edu.co\/artes-visuales\/wp-json\/wp\/v2\/media?parent=12"}],"wp:term":[{"taxonomy":"category","embeddable":true,"href":"https:\/\/artes.utp.edu.co\/artes-visuales\/wp-json\/wp\/v2\/categories?post=12"},{"taxonomy":"post_tag","embeddable":true,"href":"https:\/\/artes.utp.edu.co\/artes-visuales\/wp-json\/wp\/v2\/tags?post=12"}],"curies":[{"name":"wp","href":"https:\/\/api.w.org\/{rel}","templated":true}]}}