{"id":5,"date":"2010-06-11T11:05:53","date_gmt":"2010-06-11T16:05:53","guid":{"rendered":"https:\/\/artes.utp.edu.co\/artes-visuales\/2010\/06\/11\/docentes-licenciatura-en-artes-visuales\/"},"modified":"2025-08-21T12:12:24","modified_gmt":"2025-08-21T17:12:24","slug":"docentes-licenciatura-en-artes-visuales","status":"publish","type":"post","link":"https:\/\/artes.utp.edu.co\/artes-visuales\/profesores\/docentes-licenciatura-en-artes-visuales\/","title":{"rendered":"Docentes Licenciatura en Artes Visuales"},"content":{"rendered":"\n<div class=\"wp-block-columns is-layout-flex wp-container-core-columns-is-layout-9d6595d7 wp-block-columns-is-layout-flex\">\n<div class=\"wp-block-column is-layout-flow wp-block-column-is-layout-flow\">\n<p><strong>Ayala Valero<\/strong>, Carlos Alberto &#8211; ayala@utp.edu.co <\/p>\n\n\n\n<p><strong>Betancur Mar\u00edn<\/strong>, C\u00e9sar Augusto &#8211; cesarbetancur@utp.edu.co <\/p>\n\n\n\n<p><strong>Buritic\u00e1 Calder\u00f3n<\/strong>, Carlos Augusto &#8211; artescd@gmail.com <\/p>\n\n\n\n<p><strong>Duque Guinard<\/strong>, Gabriel Alberto &#8211; gduqueg@utp.edu.co <\/p>\n\n\n\n<p><strong>Espitia Palomino<\/strong>, Beimar Alexis &#8211; baespitia@utp.edu.co <\/p>\n\n\n\n<p><strong>Falc\u00f3n Tom\u00e9<\/strong>, Mar\u00eda del Carmen &#8211; falcon@utp.edu.co <\/p>\n\n\n\n<p><strong>Galeano Benjumea<\/strong>, Christian Camilo &#8211; ccgaleano@utp.edu.co <\/p>\n\n\n\n<p><strong>Galeano Rodr\u00edguez<\/strong>, Octavio Andr\u00e9s &#8211; o.galeano@utp.edu.co <\/p>\n\n\n\n<p><strong>Gallego Vel\u00e1squez<\/strong>, John Jairo &#8211; jjgave@utp.edu.co <\/p>\n\n\n\n<p><strong>Giraldo Cort\u00e9s<\/strong>, Francia Albani &#8211; franciaalbanigiraldocortes@yahoo.com <\/p>\n\n\n\n<p><strong>Grajales Murillo<\/strong>, Rodrigo Antonio &#8211; grajales.rodrigo@gmail.com &nbsp;<\/p>\n\n\n\n<p><strong>Guevara Bernal<\/strong>, Lina Johanna &#8211; ljguevara@utp.edu.co <\/p>\n\n\n\n<p><strong>Guti\u00e9rrez Arias<\/strong>, Rub\u00e9n Dar\u00edo &#8211; ruben@utp.edu.co <\/p>\n\n\n\n<p><strong>Guti\u00e9rrez Mu\u00f1oz<\/strong>, Aura Mar\u00eda &#8211; auramaria.gutierrez@utp.edu.co <\/p>\n\n\n\n<p><strong>Guzm\u00e1n Garc\u00eda<\/strong>, Libardo &#8211; libardo.guzman@utp.edu.co <\/p>\n\n\n\n<p><strong>Henao Fern\u00e1ndez<\/strong>, \u00c1ngela &#8211; anafe@utp.edu.co <\/p>\n\n\n\n<p><strong>Hoyos Morales<\/strong>, Carlos Alberto &#8211; hojo@utp.edu.co <\/p>\n\n\n\n<p><strong>Isaza Echeverry<\/strong>, Mar\u00eda Isabel &#8211; mizasa@utp.edu.co<\/p>\n\n\n\n<p><strong>Jaramillo Jaramillo<\/strong>, Ram\u00f3n &#8211; ramon@utp.edu.co <\/p>\n\n\n\n<p><strong>M\u00e9ndez Escudero<\/strong>, Jorge Mario &#8211; jmmendez@utp.edu.co <\/p>\n\n\n\n<p><strong>Montoya Mar\u00edn<\/strong>, Jhon Adri\u00e1n &#8211; adrianshow@utp.edu.co<\/p>\n\n\n\n<p><strong>Moreno Garz\u00f3n,<\/strong> Jos\u00e9 Antonio &#8211; jose.moreno@utp.edu.co <\/p>\n\n\n\n<p><strong>Orozco Gallego<\/strong>, Mario Hernando &#8211; m.orozco@utp.edu.co <\/p>\n\n\n\n<p><strong>Ospina Gallego<\/strong>, Oswaldo Daniel &#8211; odospina@utp.edu.co <\/p>\n\n\n\n<p><strong>Ram\u00edrez Henao<\/strong>, Abad de Jes\u00fas &#8211; greenshark@utp.edu.co <\/p>\n\n\n\n<p><strong>Robledo V\u00e9lez<\/strong>, Jairo &#8211; robledojairo@utp.edu.co <\/p>\n\n\n\n<p><strong>Tamayo Buitrago<\/strong>, Mar\u00eda Cecilia &#8211; ceci67@utp.edu.co <\/p>\n\n\n\n<p><strong>Vallejo S\u00e1nchez<\/strong>, Hern\u00e1n &#8211; repin100@utp.edu.co <\/p>\n\n\n\n<p><strong>Vanegas Lotero<\/strong>, Carmen Elisa &#8211; carvalo@utp.edu.co <\/p>\n\n\n\n<p><strong>Zapata Casta\u00f1o<\/strong>, Julio C\u00e9sar &#8211; juliozapata@utp.edu.co <\/p>\n<\/div>\n<\/div>\n","protected":false},"excerpt":{"rendered":"<p>Ayala Valero, Carlos Alberto &#8211; ayala@utp.edu.co Betancur Mar\u00edn, C\u00e9sar Augusto &#8211; cesarbetancur@utp.edu.co Buritic\u00e1 Calder\u00f3n, Carlos Augusto &#8211; artescd@gmail.com Duque Guinard, Gabriel Alberto &#8211; gduqueg@utp.edu.co Espitia Palomino, Beimar Alexis &#8211; baespitia@utp.edu.co Falc\u00f3n Tom\u00e9, Mar\u00eda del Carmen [&#8230;]<\/p>\n","protected":false},"author":1,"featured_media":0,"comment_status":"closed","ping_status":"closed","sticky":false,"template":"","format":"standard","meta":{"footnotes":""},"categories":[6],"tags":[],"class_list":["post-5","post","type-post","status-publish","format-standard","hentry","category-profesores"],"_links":{"self":[{"href":"https:\/\/artes.utp.edu.co\/artes-visuales\/wp-json\/wp\/v2\/posts\/5","targetHints":{"allow":["GET"]}}],"collection":[{"href":"https:\/\/artes.utp.edu.co\/artes-visuales\/wp-json\/wp\/v2\/posts"}],"about":[{"href":"https:\/\/artes.utp.edu.co\/artes-visuales\/wp-json\/wp\/v2\/types\/post"}],"author":[{"embeddable":true,"href":"https:\/\/artes.utp.edu.co\/artes-visuales\/wp-json\/wp\/v2\/users\/1"}],"replies":[{"embeddable":true,"href":"https:\/\/artes.utp.edu.co\/artes-visuales\/wp-json\/wp\/v2\/comments?post=5"}],"version-history":[{"count":15,"href":"https:\/\/artes.utp.edu.co\/artes-visuales\/wp-json\/wp\/v2\/posts\/5\/revisions"}],"predecessor-version":[{"id":10182,"href":"https:\/\/artes.utp.edu.co\/artes-visuales\/wp-json\/wp\/v2\/posts\/5\/revisions\/10182"}],"wp:attachment":[{"href":"https:\/\/artes.utp.edu.co\/artes-visuales\/wp-json\/wp\/v2\/media?parent=5"}],"wp:term":[{"taxonomy":"category","embeddable":true,"href":"https:\/\/artes.utp.edu.co\/artes-visuales\/wp-json\/wp\/v2\/categories?post=5"},{"taxonomy":"post_tag","embeddable":true,"href":"https:\/\/artes.utp.edu.co\/artes-visuales\/wp-json\/wp\/v2\/tags?post=5"}],"curies":[{"name":"wp","href":"https:\/\/api.w.org\/{rel}","templated":true}]}}