{"id":51,"date":"2016-08-31T21:32:05","date_gmt":"2016-09-01T02:32:05","guid":{"rendered":"https:\/\/artes.utp.edu.co\/artes-visuales\/2016\/08\/31\/plan-de-estudios-contenidos-programaticos\/"},"modified":"2024-01-31T17:05:20","modified_gmt":"2024-01-31T22:05:20","slug":"plan-de-estudios-contenidos-programaticos","status":"publish","type":"post","link":"https:\/\/artes.utp.edu.co\/artes-visuales\/sin-categoria\/plan-de-estudios-contenidos-programaticos\/","title":{"rendered":"Plan de Estudios. Contenidos Program\u00e1ticos."},"content":{"rendered":"\n<p>Contenidos detallados de las asignaturas del Plan de Estudios:<\/p>\n\n\n\n<p>C\u00f3digo y Nombre de la Asignatura. Prerrequisitos. Cr\u00e9ditos, intensidad horaria. Horario de clase y asesor\u00eda. Aula. Justificaci\u00f3n. Objetivos. Competencias. Metodolog\u00eda. Recursos. Materiales. Contenidos por semana. Evaluaci\u00f3n y Criterios de evaluaci\u00f3n. Bibliograf\u00eda.<\/p>\n\n\n\n<p><strong><mark style=\"background-color:#8ed1fc\" class=\"has-inline-color\">PRIMER SEMESTRE<\/mark><\/strong><\/p>\n\n\n\n<p>AV144 DIBUJO I<\/p>\n\n\n\n<p>AV1A2 IMAGEN BIDIMENSIONAL<\/p>\n\n\n\n<p>AV1A3 IMAGEN TRIDIMENSIONAL<\/p>\n\n\n\n<p>AV152 HABILIDADES COMUNICATIVAS<\/p>\n\n\n\n<p>AV162 LENGUAJE CORPORAL<\/p>\n\n\n\n<p>AV172 TEOR\u00cdA DEL ARTE I<\/p>\n\n\n\n<p>AV1A4 HISTORIA DEL ARTE I<\/p>\n\n\n\n<p><strong><mark style=\"background-color:#8ed1fc\" class=\"has-inline-color\">SEGUNDO SEMESTRE<\/mark><\/strong><\/p>\n\n\n\n<p>AV244 DIBUJO II<\/p>\n\n\n\n<p>AV2B2 GEOMETR\u00cdA Y ESPACIO<\/p>\n\n\n\n<p>AV2B3 COLOR Y COMUNICACI\u00d3N<\/p>\n\n\n\n<p>AV2B4 ESTRUCTURAS Y VOL\u00daMENES<\/p>\n\n\n\n<p>AV262 MODELOS PEDAG\u00d3GICOS<\/p>\n\n\n\n<p>AV272 TEOR\u00cdA DEL ARTE II<\/p>\n\n\n\n<p>AV2B5 HISTORIA DEL ARTE II<\/p>\n\n\n\n<p><strong><mark style=\"background-color:#8ed1fc\" class=\"has-inline-color\">TERCER SEMESTRE<\/mark><\/strong><\/p>\n\n\n\n<p>AV3C1 DIBUJO III<\/p>\n\n\n\n<p>AV3C2 CONSTRUCCI\u00d3N<\/p>\n\n\n\n<p>AV3C3 TECNOLOG\u00cdA DE LA IMAGEN I<\/p>\n\n\n\n<p>AV3C4 HISTORIA DEL ARTE III<\/p>\n\n\n\n<p>AV3C5 POL\u00cdTICA EDUCATIVA<\/p>\n\n\n\n<p>AV3C6 SEMI\u00d3TICA<\/p>\n\n\n\n<p>AV3C7 PR\u00c1CTICA PEDAG\u00d3GICA I<\/p>\n\n\n\n<p><strong><mark style=\"background-color:#8ed1fc\" class=\"has-inline-color\">CUARTO SEMESTRE<\/mark><\/strong><\/p>\n\n\n\n<p>AV4D1 DIBUJO IV<\/p>\n\n\n\n<p>AV4D2 T\u00c9CNICAS DE IMPRESI\u00d3N<\/p>\n\n\n\n<p>AV4D3 TECNOLOG\u00cdA DE LA IMAGEN II<\/p>\n\n\n\n<p>AV483 ARTE LATINOAMERICANO<\/p>\n\n\n\n<p>AV453 ARTE DE LA TIERRA<\/p>\n\n\n\n<p>AV4D4 PSICOLOG\u00cdA DEL DESARROLLO<\/p>\n\n\n\n<p>AV4D5 PR\u00c1CTICA PEDAG\u00d3GICA II<\/p>\n\n\n\n<p><strong><mark style=\"background-color:#8ed1fc\" class=\"has-inline-color\">QUINTO SEMESTRE<\/mark><\/strong><\/p>\n\n\n\n<p>AV513 DIBUJO Y EXPRESI\u00d3N<\/p>\n\n\n\n<p>AV5E1 MEDIOS DE COMUNICACI\u00d3N<\/p>\n\n\n\n<p>AV5E2 METODOLOG\u00cdA DE LA INVESTIGACI\u00d3N I<\/p>\n\n\n\n<p>AV5E3 ADMINISTRACI\u00d3N EDUCACIONAL<\/p>\n\n\n\n<p>AV5E4 PR\u00c1CTICA PEDAG\u00d3GICA III<\/p>\n\n\n\n<p>AV5E5 TALLER BIDIMENSIONAL I<\/p>\n\n\n\n<p>AV5E6 TALLER TRIDIMENSIONAL I<\/p>\n\n\n\n<p><strong><mark style=\"background-color:#8ed1fc\" class=\"has-inline-color\">SEXTO SEMESTRE<\/mark><\/strong><\/p>\n\n\n\n<p>AV613 DIBUJO Y CREACI\u00d3N<\/p>\n\n\n\n<p>AV6F1 FOTOGRAF\u00cdA<\/p>\n\n\n\n<p>AV6F2 TEOR\u00cdA Y DISE\u00d1O CURRICULAR<\/p>\n\n\n\n<p>AV6F3 PSICOLOG\u00cdA EDUCATIVA<\/p>\n\n\n\n<p>AV6F4 METODOLOG\u00cdA DE LA INVESTIGACI\u00d3N II<\/p>\n\n\n\n<p>AV6F6 TALLER BIDIMENSIONAL II<\/p>\n\n\n\n<p>AV6F7 TALLER TRIDIMENSIONAL II<\/p>\n\n\n\n<p><strong><mark style=\"background-color:#8ed1fc\" class=\"has-inline-color\">S\u00c9PTIMO SEMESTRE<\/mark><\/strong><\/p>\n\n\n\n<p>AV713 DIBUJO E IMAGINARIO<\/p>\n\n\n\n<p>AV7G2 ARTE Y SOCIEDAD<\/p>\n\n\n\n<p>AV7G3 DID\u00c1CTICA ART\u00cdSTICA INFANTIL<\/p>\n\n\n\n<p>AV7G4 EVALUACI\u00d3N EDUCATIVA<\/p>\n\n\n\n<p>AV7G5 PR\u00c1CTICA DOCENTE I<\/p>\n\n\n\n<p>AV7G6 TALLER BIDIMENSIONAL III<\/p>\n\n\n\n<p>AV7G7 TALLER TRIDIMENSIONAL I<\/p>\n\n\n\n<p><strong><mark style=\"background-color:#8ed1fc\" class=\"has-inline-color\">OCTAVO SEMESTRE<\/mark><\/strong><\/p>\n\n\n\n<p>AV8H1 DIBUJO VIII<\/p>\n\n\n\n<p>AV8H2 EST\u00c9TICA<\/p>\n\n\n\n<p>AV8H3 DID\u00c1CTICA ESPECIAL<\/p>\n\n\n\n<p>AV8H4 TRABAJO COMUNITARIO<\/p>\n\n\n\n<p>AV8H5 PR\u00c1CTICA DOCENTE II<\/p>\n\n\n\n<p>AV8H6 TALLER BIDIMENSIONAL IV<\/p>\n\n\n\n<p>AV8H7 TALLER TRIDIMENSIONAL I<\/p>\n\n\n\n<p><strong><mark style=\"background-color:#8ed1fc\" class=\"has-inline-color\">NOVENO SEMESTRE<\/mark><\/strong><\/p>\n\n\n\n<p>AV9I1 EXPERIMENTACI\u00d3N GR\u00c1FICA<\/p>\n\n\n\n<p>BA912 CONSTITUCI\u00d3N POL\u00cdTICA<\/p>\n\n\n\n<p>AV9I2 \u00c9TICA<\/p>\n\n\n\n<p>AV9I3 EDUCACI\u00d3N AMBIENTAL<\/p>\n\n\n\n<p>AV9I4 PR\u00c1CTICA DOCENTE IV<\/p>\n\n\n\n<p>AV9A ELECTIVA<\/p>\n\n\n\n<p><strong><mark style=\"background-color:#8ed1fc\" class=\"has-inline-color\">D\u00c9CIMO SEMESTRE<\/mark><\/strong><\/p>\n\n\n\n<p>AVTI1 TRABAJO DE INVESTIGACI\u00d3N<\/p>\n\n\n\n<p>AVTI2 FORMACI\u00d3N PROPED\u00c9UTICA<\/p>\n\n\n\n<p>AVTI3 SEMINARIO ESPECIALIZADO<\/p>\n\n\n\n<p>AVTI4 PR\u00c1CTICAS DE EXTENSI\u00d3N<\/p>\n\n\n\n<p>AV0J1 PR\u00c1CTICA DOCENTE IV<\/p>\n\n\n\n<p>AV0A ELECTIVA<\/p>\n\n\n\n<p><strong><mark style=\"background-color:#8ed1fc\" class=\"has-inline-color\">ELECTIVAS<\/mark><\/strong><\/p>\n\n\n\n<p>AV9C Video, Lenguaje y Aplicaciones<\/p>\n\n\n\n<p>AV9D CALIGRAF\u00cdA CHINA<\/p>\n\n\n\n<p>AV9E Paisaje<\/p>\n\n\n\n<p>AV9F ARTE P\u00daBLICO<\/p>\n\n\n\n<p>AV9H Fantas\u00eda e Imagen<\/p>\n\n\n\n<p>AV9I EXPRESI\u00d3N DIGITAL<\/p>\n\n\n\n<p>AV9J M\u00fasica<\/p>\n\n\n\n<p>AV9K HUMOR GR\u00c1FICO<\/p>\n\n\n\n<p>AV9L C\u00f3mic y Novela Gr\u00e1fica<\/p>\n\n\n\n<p>AV9M GESTI\u00d3N CULTURAL E INDUSTRIAS CREATIVAS<\/p>\n\n\n\n<p>AV9N DID\u00c1CTICA TEATRAL<\/p>\n\n\n\n<p>AV9O Gui\u00f3n y Narrativa Audiovisual<\/p>\n\n\n\n<p>AV9P YOGA<\/p>\n\n\n\n<p>AV9Q La Emoci\u00f3n como Espejo<\/p>\n\n\n\n<p>AV9R INTELIGENCIA EMOCIONAL<\/p>\n\n\n\n<p>AV9S Artes Autobiogr\u00e1ficas<\/p>\n\n\n\n<p>AV9X HISTORIA DEL ARTE (para otros Programas)<\/p>\n\n\n\n<p>BA1E11 HABILIDADES COMUNICATIVAS<\/p>\n\n\n\n<p>BA1E12 CALIGRAF\u00cdA<\/p>\n\n\n\n<p>BA1E13 FOTOGRAF\u00cdA DIGITAL<\/p>\n\n\n\n<p><\/p>\n\n\n\n<p><\/p>\n","protected":false},"excerpt":{"rendered":"<p>Contenidos detallados de las asignaturas del Plan de Estudios: C\u00f3digo y Nombre de la Asignatura. Prerrequisitos. Cr\u00e9ditos, intensidad horaria. Horario de clase y asesor\u00eda. Aula. Justificaci\u00f3n. Objetivos. Competencias. Metodolog\u00eda. Recursos. Materiales. Contenidos por semana. Evaluaci\u00f3n [&#8230;]<\/p>\n","protected":false},"author":1,"featured_media":0,"comment_status":"closed","ping_status":"closed","sticky":false,"template":"","format":"standard","meta":{"footnotes":""},"categories":[1],"tags":[],"class_list":["post-51","post","type-post","status-publish","format-standard","hentry","category-sin-categoria"],"_links":{"self":[{"href":"https:\/\/artes.utp.edu.co\/artes-visuales\/wp-json\/wp\/v2\/posts\/51","targetHints":{"allow":["GET"]}}],"collection":[{"href":"https:\/\/artes.utp.edu.co\/artes-visuales\/wp-json\/wp\/v2\/posts"}],"about":[{"href":"https:\/\/artes.utp.edu.co\/artes-visuales\/wp-json\/wp\/v2\/types\/post"}],"author":[{"embeddable":true,"href":"https:\/\/artes.utp.edu.co\/artes-visuales\/wp-json\/wp\/v2\/users\/1"}],"replies":[{"embeddable":true,"href":"https:\/\/artes.utp.edu.co\/artes-visuales\/wp-json\/wp\/v2\/comments?post=51"}],"version-history":[{"count":7,"href":"https:\/\/artes.utp.edu.co\/artes-visuales\/wp-json\/wp\/v2\/posts\/51\/revisions"}],"predecessor-version":[{"id":10154,"href":"https:\/\/artes.utp.edu.co\/artes-visuales\/wp-json\/wp\/v2\/posts\/51\/revisions\/10154"}],"wp:attachment":[{"href":"https:\/\/artes.utp.edu.co\/artes-visuales\/wp-json\/wp\/v2\/media?parent=51"}],"wp:term":[{"taxonomy":"category","embeddable":true,"href":"https:\/\/artes.utp.edu.co\/artes-visuales\/wp-json\/wp\/v2\/categories?post=51"},{"taxonomy":"post_tag","embeddable":true,"href":"https:\/\/artes.utp.edu.co\/artes-visuales\/wp-json\/wp\/v2\/tags?post=51"}],"curies":[{"name":"wp","href":"https:\/\/api.w.org\/{rel}","templated":true}]}}