{"id":6,"date":"2010-06-11T11:45:09","date_gmt":"2010-06-11T16:45:09","guid":{"rendered":"https:\/\/artes.utp.edu.co\/artes-visuales\/2010\/06\/11\/informacion-general\/"},"modified":"2024-07-16T13:01:12","modified_gmt":"2024-07-16T18:01:12","slug":"informacion-general","status":"publish","type":"post","link":"https:\/\/artes.utp.edu.co\/artes-visuales\/sin-categoria\/informacion-general\/","title":{"rendered":"Informaci\u00f3n General"},"content":{"rendered":"\n<p><strong>ACREDITACI\u00d3N DE ALTA CALIDAD<\/strong> <\/p>\n\n\n\n<p>Resoluci\u00f3n N\u00famero 21349 del 11 de noviembre de 2020. <\/p>\n\n\n\n<p>Duraci\u00f3n: Seis (6) a\u00f1os<\/p>\n\n\n\n<p><strong>REGISTRO CALIFICADO<\/strong> &nbsp; &nbsp; &nbsp; &nbsp; &nbsp; &nbsp; &nbsp; &nbsp; &nbsp; &nbsp; &nbsp; &nbsp; &nbsp; &nbsp; &nbsp; &nbsp; &nbsp; &nbsp; &nbsp; &nbsp; &nbsp; &nbsp; &nbsp; &nbsp; &nbsp; &nbsp; &nbsp; &nbsp; &nbsp; &nbsp; &nbsp; &nbsp; &nbsp; &nbsp; &nbsp; &nbsp; &nbsp; &nbsp; &nbsp; &nbsp; &nbsp; &nbsp; &nbsp; &nbsp; &nbsp; &nbsp; &nbsp; &nbsp; &nbsp; &nbsp; &nbsp; &nbsp; &nbsp; &nbsp; &nbsp; &nbsp; &nbsp; &nbsp; &nbsp; &nbsp; &nbsp; &nbsp; &nbsp; &nbsp; &nbsp; &nbsp; &nbsp; &nbsp; &nbsp; &nbsp; &nbsp; &nbsp; &nbsp; &nbsp; &nbsp; &nbsp; &nbsp; Resoluci\u00f3n No. 09872 del 19 de junio de 2018.                                                                                                                      Duraci\u00f3n: Siete (7) a\u00f1os.<\/p>\n\n\n\n<p>MODALIDAD: Presencial. Horario diurno<br>DURACI\u00d3N: Diez semestres<\/p>\n\n\n\n<p>REQUISITOS DE INGRESO                                                                                                                                                      T\u00edtulo de bachiller<br>Resultados de los ex\u00e1menes de Estado<br>Presentaci\u00f3n de una prueba de aptitud art\u00edstica<\/p>\n\n\n\n<p>REQUISITOS DE GRADO<br> Aprobaci\u00f3n de todas las asignaturas del plan de estudios.<br> Aprobaci\u00f3n y sustentaci\u00f3n de alguna de las modalidades de trabajo de grado.<\/p>\n\n\n\n<p>\n&#8230;&#8230;&#8230;&#8230;&#8230;&#8230;&#8230;&#8230;&#8230;&#8230;&#8230;&#8230;&#8230;&#8230;&#8230;&#8230;..<\/p>\n\n\n\n<p>\nFormaci\u00f3n Integral<\/p>\n\n\n\n<p>\nCOMPETENCIAS PROFESIONALES<br>\nComunicativa<br>\nSocial<br>\nDisciplinaria<br>\nInterdisciplinaria<br>\nInvestigativa<\/p>\n\n\n\n<p>N\u00daCLEOS Y \u00c1REAS DE FORMACI\u00d3N<br>\nHuman\u00edstica y C\u00edvica<br>\nPedag\u00f3gica<br>\nTecnol\u00f3gica<br>\nArt\u00edstica<\/p>\n\n\n\n<p>&#8230;&#8230;&#8230;&#8230;&#8230;&#8230;&#8230;&#8230;&#8230;&#8230;&#8230;&#8230;&#8230;&#8230;&#8230;&#8230;&#8230;<\/p>\n\n\n\n<p><strong>Director de la Licenciatura en Artes Visuales<\/strong>:<br>Rub\u00e9n Dar\u00edo Guti\u00e9rrez Arias<br>E-mails: escueladeartes-visuales@utp.edu.co &#8211; ruben@utp.edu.co<\/p>\n\n\n\n<p><strong>Auxiliar Administrativa<\/strong> Erika Milena Herrera Jim\u00e9nez <\/p>\n\n\n\n<p>E-mails: auxiliar-artes@utp.edu.co -erika.herrera@utp.edu.co<br>Tel\u00e9fono: 3137230 &#8211; Oficina 12-408 &#8211; Facultad de Bellas Artes (Edificio 12)<\/p>\n\n\n\n<p><\/p>\n","protected":false},"excerpt":{"rendered":"<p>ACREDITACI\u00d3N DE ALTA CALIDAD Resoluci\u00f3n N\u00famero 21349 del 11 de noviembre de 2020. Duraci\u00f3n: Seis (6) a\u00f1os REGISTRO CALIFICADO &nbsp; &nbsp; &nbsp; &nbsp; &nbsp; &nbsp; &nbsp; &nbsp; &nbsp; &nbsp; &nbsp; &nbsp; &nbsp; &nbsp; &nbsp; &nbsp; [&#8230;]<\/p>\n","protected":false},"author":1,"featured_media":0,"comment_status":"closed","ping_status":"closed","sticky":false,"template":"","format":"standard","meta":{"footnotes":""},"categories":[1],"tags":[],"class_list":["post-6","post","type-post","status-publish","format-standard","hentry","category-sin-categoria"],"_links":{"self":[{"href":"https:\/\/artes.utp.edu.co\/artes-visuales\/wp-json\/wp\/v2\/posts\/6","targetHints":{"allow":["GET"]}}],"collection":[{"href":"https:\/\/artes.utp.edu.co\/artes-visuales\/wp-json\/wp\/v2\/posts"}],"about":[{"href":"https:\/\/artes.utp.edu.co\/artes-visuales\/wp-json\/wp\/v2\/types\/post"}],"author":[{"embeddable":true,"href":"https:\/\/artes.utp.edu.co\/artes-visuales\/wp-json\/wp\/v2\/users\/1"}],"replies":[{"embeddable":true,"href":"https:\/\/artes.utp.edu.co\/artes-visuales\/wp-json\/wp\/v2\/comments?post=6"}],"version-history":[{"count":8,"href":"https:\/\/artes.utp.edu.co\/artes-visuales\/wp-json\/wp\/v2\/posts\/6\/revisions"}],"predecessor-version":[{"id":10173,"href":"https:\/\/artes.utp.edu.co\/artes-visuales\/wp-json\/wp\/v2\/posts\/6\/revisions\/10173"}],"wp:attachment":[{"href":"https:\/\/artes.utp.edu.co\/artes-visuales\/wp-json\/wp\/v2\/media?parent=6"}],"wp:term":[{"taxonomy":"category","embeddable":true,"href":"https:\/\/artes.utp.edu.co\/artes-visuales\/wp-json\/wp\/v2\/categories?post=6"},{"taxonomy":"post_tag","embeddable":true,"href":"https:\/\/artes.utp.edu.co\/artes-visuales\/wp-json\/wp\/v2\/tags?post=6"}],"curies":[{"name":"wp","href":"https:\/\/api.w.org\/{rel}","templated":true}]}}