{"id":61,"date":"2016-08-31T21:40:03","date_gmt":"2016-09-01T02:40:03","guid":{"rendered":"https:\/\/artes.utp.edu.co\/artes-visuales\/2016\/08\/31\/av272-teoria-del-arte-ii\/"},"modified":"2022-08-02T11:15:12","modified_gmt":"2022-08-02T16:15:12","slug":"av272-teoria-del-arte-ii","status":"publish","type":"post","link":"https:\/\/artes.utp.edu.co\/artes-visuales\/sin-categoria\/av272-teoria-del-arte-ii\/","title":{"rendered":"AV272 Teor\u00eda del Arte II"},"content":{"rendered":"\n<p>Asignatura te\u00f3rica que busca \u00abIntroducir al estudiante en la comprensi\u00f3n y conceptualizaci\u00f3n del fen\u00f3meno est\u00e9tico y la creaci\u00f3n art\u00edstica, proponiendo &nbsp;formas de contacto visual con las diferentes manifestaciones del arte y de la cultura a trav\u00e9s&nbsp; del tiempo, abordando sus significados, t\u00e9cnicas y lenguajes\u00bb.<\/p>\n\n\n\n<figure class=\"wp-block-table\"><table><tbody><tr><td>\n<p>Nombre Asignatura<\/p>\n<\/td><td> <p><a href=\"https:\/\/media2.utp.edu.co\/programas\/13\/AV272-TeoriadelArteII-bam.pdf\">TEOR\u00cdA DEL ARTE II<\/a><\/p> <\/td><\/tr><tr><td>\n<p>C\u00f3digo<\/p>\n<\/td><td>\n<p>AV272<\/p>\n<\/td><\/tr><tr><td>\n<p>Car\u00e1cter<\/p>\n<\/td><td>\n<p>Asignatura te\u00f3rica<\/p>\n<\/td><\/tr><tr><td>\n<p>Cr\u00e9ditos<\/p>\n<\/td><td>\n<p>2 cr\u00e9ditos<\/p>\n<\/td><\/tr><tr><td>\n<p>Prerrequisito<\/p>\n<\/td><td>\n<p>AV172 Teor\u00eda del Arte I<\/p>\n<\/td><\/tr><tr><td>\n<p>Intensidad Horaria<\/p>\n<\/td><td>\n<p>dos&nbsp; horas&nbsp; semanales<\/p>\n<\/td><\/tr><tr><td>\n<p>Horario<\/p>\n<\/td><td>\n<p>lunes 10:00 a 12:00 h.<\/p>\n<\/td><\/tr><tr><td>\n<p>Asesor\u00eda<\/p>\n<\/td><td>\n<p>Jueves 15:00 h.<\/p>\n<\/td><\/tr><tr><td>\n<p>Aula<\/p>\n<\/td><td>\n<p>12-301<\/p>\n<\/td><\/tr><tr><td>\n<p>Profesora<\/p>\n<\/td><td>\n<p>Beatriz Amelia &nbsp;Mej\u00eda &nbsp;de Mill\u00e1n<\/p>\n<\/td><\/tr><tr><td>\n<p>JUSTIFICACI\u00d3N<\/p>\n<\/td><td>\n<p>Para comprender los problemas del arte y de la est\u00e9tica, as\u00ed como&nbsp; sus diferentes facetas y desarrollos, es necesario proponer &nbsp;una inducci\u00f3n que ofrezca a los estudiantes desde &nbsp;el inicio de su carrera en artes visuales, un acercamiento a las diferentes teor\u00edas del arte, al desarrollo art\u00edstico como tal y sus relaciones con el hombre, la sociedad y la cultura.<\/p>\n<\/td><\/tr><tr><td>\n<p>OBJETIVO GENERAL<\/p>\n<\/td><td>\n<p>Introducir al estudiante en la comprensi\u00f3n y conceptualizaci\u00f3n del fen\u00f3meno est\u00e9tico y la creaci\u00f3n art\u00edstica, proponiendo &nbsp;formas de contacto visual con las diferentes manifestaciones del arte y de la cultura a trav\u00e9s&nbsp; del tiempo, abordando sus significados, t\u00e9cnicas y lenguajes.<\/p>\n<\/td><\/tr><tr><td>\n<p>OBJETIVOS ESPEC\u00cdFICOS<\/p>\n<\/td><td>\n<ol>\n<li>Conocer de manera te\u00f3rica, y visual, los fundamentos y desarrollo del arte a trav\u00e9s de la historia de las sociedades.<\/li>\n<\/ol>\n<p>&nbsp;<\/p>\n<p>2. Familiarizar al estudiante con el manejo de conceptos y t\u00e9rminos propios de la teor\u00eda del &nbsp;arte.<\/p>\n<p>&nbsp;<\/p>\n<p>3. Hacer una aproximaci\u00f3n a algunos temas de la Est\u00e9tica relacionados con la creaci\u00f3n art\u00edstica.<\/p>\n<p>&nbsp;<\/p>\n<p>4. Proponer al estudiante tem\u00e1ticas que constituyen interacciones entre sociedad, cultura, arte y comunicaci\u00f3n.<\/p>\n<\/td><\/tr><tr><td>\n<p>COMPETENCIAS<\/p>\n<\/td><td>\n<p>&nbsp;<\/p>\n<\/td><\/tr><tr><td>\n<p>ESTRATEGIAS DE ENSE\u00d1ANZA &#8211;<\/p>\n<p>METODOLOG\u00cdA<\/p>\n<\/td><td>\n<ul>\n<li>Explicaciones por parte del profesor.<\/li>\n<li>Formulaci\u00f3n te\u00f3rica magistral<\/li>\n<li>Ejercicios de discusi\u00f3n&nbsp; de cada tema de clase.<\/li>\n<li>Elaboraci\u00f3n de trabajos fuera de clase.<\/li>\n<li>Lecturas e informes de lectura sobre textos relacionados con la materia.<\/li>\n<li>Asesor\u00edas.<\/li>\n<\/ul>\n<\/td><\/tr><tr><td>\n<p>RECURSOS<\/p>\n<\/td><td>\n<p>Videos, proyecciones, trabajos de grupo<\/p>\n<\/td><\/tr><tr><td>\n<p>MATERIALES<\/p>\n<\/td><td>\n<p>Textos&nbsp; te\u00f3ricos &nbsp;seleccionados por el profesor.<\/p>\n<\/td><\/tr><tr><td>\n<p>CONTENIDO<\/p>\n<\/td><td>\n<p>&nbsp;<\/p>\n<\/td><\/tr><tr><td>\n<p>1\u00aa Semana<\/p>\n<\/td><td>\n<p>Aproximaci\u00f3n a las teor\u00edas del arte.<\/p>\n<\/td><\/tr><tr><td>\n<p>2\u00aa. Semana<\/p>\n<\/td><td>\n<p>Cultura, sociedad y arte. Categor\u00edas est\u00e9ticas. &nbsp;Arte y t\u00e9cnica. Arte y ciencias humanas.<\/p>\n<\/td><\/tr><tr><td>\n<p>3\u00aa. Semana<\/p>\n<\/td><td>\n<p>&nbsp;La obra de arte y sus significados<\/p>\n<ul>\n<li>Conocimiento<\/li>\n<li>S\u00edmbolo<\/li>\n<li>Comunicaci\u00f3n<\/li>\n<li>Imitaci\u00f3n<\/li>\n<li>Creaci\u00f3n.<\/li>\n<\/ul>\n<\/td><\/tr><tr><td>\n<p>4\u00aa. Semana<\/p>\n<\/td><td>\n<p>La creaci\u00f3n art\u00edstica.<\/p>\n<p>A- Arte y realidad.<\/p>\n<p>B- Arte&nbsp; y pensamiento.<\/p>\n<\/td><\/tr><tr><td>\n<p>5\u00aa. Semana<\/p>\n<\/td><td>\n<p>&nbsp;Impresi\u00f3n y expresi\u00f3n. Lo inconsciente y lo fant\u00e1stico.<\/p>\n<\/td><\/tr><tr><td>\n<p>6\u00aa. Semana<\/p>\n<\/td><td>\n<p>Primer examen parcial. Valor 35%<\/p>\n<\/td><\/tr><tr><td>\n<p>7\u00aa. Semana<\/p>\n<\/td><td>\n<p>&nbsp;Propuestas art\u00edsticas de la modernidad.<\/p>\n<p>La antim\u00edmesis<\/p>\n<p>Figuraci\u00f3n vs. abstracci\u00f3n<\/p>\n<\/td><\/tr><tr><td>\n<p>8\u00aa. Semana<\/p>\n<\/td><td>\n<p>La deconstruci\u00f3n de la&nbsp; imagen y de la met\u00e1fora.<\/p>\n<\/td><\/tr><tr><td>\n<p>9\u00aa. Semana<\/p>\n<\/td><td>\n<p>El simulacro.<\/p>\n<p>Din\u00e1micas del objeto en la modernidad.<\/p>\n<\/td><\/tr><tr><td>\n<p>10\u00aa.<\/p>\n<\/td><td>\n<p>Propuestas contempor\u00e1neas.<\/p>\n<p>Lo cotidiano y lo conceptual.<\/p>\n<\/td><\/tr><tr><td>\n<p>11\u00aa. Semana<\/p>\n<\/td><td>\n<p>Relaciones&nbsp; entre palabra e imagen<\/p>\n<p>Significaciones multiculturales<\/p>\n<\/td><\/tr><tr><td>\n<p>12\u00aa. Semana<\/p>\n<\/td><td>\n<p>Segundo examen parcial. Valor 35%<\/p>\n<\/td><\/tr><tr><td>\n<p>13\u00aa. Semana<\/p>\n<\/td><td>\n<p>Kitsch, pastiche y collage.<\/p>\n<\/td><\/tr><tr><td>\n<p>14\u00aa. Semana<\/p>\n<\/td><td>\n<p>Lo perform\u00e1tico.<\/p>\n<\/td><\/tr><tr><td>\n<p>15\u00aa. Semana<\/p>\n<\/td><td>\n<p>Lo tecnol\u00f3gico y lo digital.<\/p>\n<p>Lo urbano<\/p>\n<\/td><\/tr><tr><td>\n<p>16\u00aa. Semana<\/p>\n<\/td><td>\n<p>Simulaci\u00f3n, intervenci\u00f3n y apropiaci\u00f3n<\/p>\n<\/td><\/tr><tr><td>\n<p>17\u00aa. Semana<\/p>\n<\/td><td>\n<p>Semana de Transici\u00f3n.<\/p>\n<\/td><\/tr><tr><td>\n<p>18\u00aa. Semana<\/p>\n<\/td><td>\n<p>Examen Final. Valor 30 %<\/p>\n<\/td><\/tr><tr><td>\n<p>EVALUACI\u00d3N<\/p>\n<\/td><td>\n<p>Se har\u00e1n dos ex\u00e1menes parciales (35 % cada uno) y un examen final (30 %), cuyo 10 % consistir\u00e1 en un trabajo y el 20% restante sobre aspectos te\u00f3ricos analizados en clase. .<\/p>\n<\/td><\/tr><tr><td>\n<p>CRITERIOS DE EVALUACI\u00d3N<\/p>\n<\/td><td>\n<p>Presentaci\u00f3n de los trabajos, cumplimiento, participaci\u00f3n en clase <em>(la inasistencia puede ocasionar la p\u00e9rdida de la asignatura tal como se consigna en el reglamento de la Universidad).<\/em><\/p>\n<\/td><\/tr><tr><td>\n<p>BIBLIOGRAF\u00cdA<\/p>\n<\/td><td>\n<p>&nbsp;<\/p>\n<\/td><\/tr><tr><td>\n<p>Chipp, Herschel B y otros<\/p>\n<\/td><td>\n<p>Teorias del arte contempor\u00e1neo. Ediciones Akal, Madrid, 1995.<\/p>\n<\/td><\/tr><tr><td>\n<p>ELSEN, Albert<\/p>\n<\/td><td>\n<p>Los prop\u00f3sitos del arte. Editorial Aguilar, Madrid, 1971.<\/p>\n<\/td><\/tr><tr><td>\n<p>YVARS, J. F.<\/p>\n<\/td><td>\n<p>El momento est\u00e9tico. Ed. Random House Mondadori. Barcelona, 2006.<\/p>\n<\/td><\/tr><\/tbody><\/table><\/figure>\n","protected":false},"excerpt":{"rendered":"<p>Asignatura te\u00f3rica que busca \u00abIntroducir al estudiante en la comprensi\u00f3n y conceptualizaci\u00f3n del fen\u00f3meno est\u00e9tico y la creaci\u00f3n art\u00edstica, proponiendo &nbsp;formas de contacto visual con las diferentes manifestaciones del arte y de la cultura a [&#8230;]<\/p>\n","protected":false},"author":1,"featured_media":10002,"comment_status":"closed","ping_status":"closed","sticky":false,"template":"","format":"standard","meta":{"footnotes":""},"categories":[1],"tags":[],"class_list":["post-61","post","type-post","status-publish","format-standard","has-post-thumbnail","hentry","category-sin-categoria"],"_links":{"self":[{"href":"https:\/\/artes.utp.edu.co\/artes-visuales\/wp-json\/wp\/v2\/posts\/61","targetHints":{"allow":["GET"]}}],"collection":[{"href":"https:\/\/artes.utp.edu.co\/artes-visuales\/wp-json\/wp\/v2\/posts"}],"about":[{"href":"https:\/\/artes.utp.edu.co\/artes-visuales\/wp-json\/wp\/v2\/types\/post"}],"author":[{"embeddable":true,"href":"https:\/\/artes.utp.edu.co\/artes-visuales\/wp-json\/wp\/v2\/users\/1"}],"replies":[{"embeddable":true,"href":"https:\/\/artes.utp.edu.co\/artes-visuales\/wp-json\/wp\/v2\/comments?post=61"}],"version-history":[{"count":2,"href":"https:\/\/artes.utp.edu.co\/artes-visuales\/wp-json\/wp\/v2\/posts\/61\/revisions"}],"predecessor-version":[{"id":10090,"href":"https:\/\/artes.utp.edu.co\/artes-visuales\/wp-json\/wp\/v2\/posts\/61\/revisions\/10090"}],"wp:featuredmedia":[{"embeddable":true,"href":"https:\/\/artes.utp.edu.co\/artes-visuales\/wp-json\/wp\/v2\/media\/10002"}],"wp:attachment":[{"href":"https:\/\/artes.utp.edu.co\/artes-visuales\/wp-json\/wp\/v2\/media?parent=61"}],"wp:term":[{"taxonomy":"category","embeddable":true,"href":"https:\/\/artes.utp.edu.co\/artes-visuales\/wp-json\/wp\/v2\/categories?post=61"},{"taxonomy":"post_tag","embeddable":true,"href":"https:\/\/artes.utp.edu.co\/artes-visuales\/wp-json\/wp\/v2\/tags?post=61"}],"curies":[{"name":"wp","href":"https:\/\/api.w.org\/{rel}","templated":true}]}}