{"id":91,"date":"2018-01-18T12:35:54","date_gmt":"2018-01-18T17:35:54","guid":{"rendered":"https:\/\/artes.utp.edu.co\/artes-visuales\/2018\/01\/18\/noticias-destacadas\/"},"modified":"2018-01-18T12:35:54","modified_gmt":"2018-01-18T17:35:54","slug":"noticias-destacadas","status":"publish","type":"post","link":"https:\/\/artes.utp.edu.co\/artes-visuales\/sin-categoria\/noticias-destacadas\/","title":{"rendered":"Noticias destacadas"},"content":{"rendered":"\n<p><strong>Actividades, eventos y acontecimientos destacados relacionados con la proyeccci\u00f3n y los procesos acad\u00e9micos de la Licenciatura en Artes Visuales<\/strong><\/p>\n\n\n\n<p>Mediante Resoluci\u00f3n No. 29132 del 26 de diciembre de 2017, el Ministerio de Educaci\u00f3n Nacional otorg\u00f3 el registro calificado al Programa de <strong>Maestr\u00eda en Educaci\u00f3n y Arte<\/strong>, posgrado proyectado y propuesto desde la Licenciatura en Artes Visuales, de la Facultad de Bellas Artes, de la Universidad Tecnol\u00f3gica de Pereira.<\/p>\n","protected":false},"excerpt":{"rendered":"<p>Actividades, eventos y acontecimientos destacados relacionados con la proyeccci\u00f3n y los procesos acad\u00e9micos de la Licenciatura en Artes Visuales Mediante Resoluci\u00f3n No. 29132 del 26 de diciembre de 2017, el Ministerio de Educaci\u00f3n Nacional otorg\u00f3 [&#8230;]<\/p>\n","protected":false},"author":1,"featured_media":0,"comment_status":"closed","ping_status":"closed","sticky":false,"template":"","format":"standard","meta":{"footnotes":""},"categories":[1],"tags":[],"class_list":["post-91","post","type-post","status-publish","format-standard","hentry","category-sin-categoria"],"_links":{"self":[{"href":"https:\/\/artes.utp.edu.co\/artes-visuales\/wp-json\/wp\/v2\/posts\/91","targetHints":{"allow":["GET"]}}],"collection":[{"href":"https:\/\/artes.utp.edu.co\/artes-visuales\/wp-json\/wp\/v2\/posts"}],"about":[{"href":"https:\/\/artes.utp.edu.co\/artes-visuales\/wp-json\/wp\/v2\/types\/post"}],"author":[{"embeddable":true,"href":"https:\/\/artes.utp.edu.co\/artes-visuales\/wp-json\/wp\/v2\/users\/1"}],"replies":[{"embeddable":true,"href":"https:\/\/artes.utp.edu.co\/artes-visuales\/wp-json\/wp\/v2\/comments?post=91"}],"version-history":[{"count":1,"href":"https:\/\/artes.utp.edu.co\/artes-visuales\/wp-json\/wp\/v2\/posts\/91\/revisions"}],"predecessor-version":[{"id":10009,"href":"https:\/\/artes.utp.edu.co\/artes-visuales\/wp-json\/wp\/v2\/posts\/91\/revisions\/10009"}],"wp:attachment":[{"href":"https:\/\/artes.utp.edu.co\/artes-visuales\/wp-json\/wp\/v2\/media?parent=91"}],"wp:term":[{"taxonomy":"category","embeddable":true,"href":"https:\/\/artes.utp.edu.co\/artes-visuales\/wp-json\/wp\/v2\/categories?post=91"},{"taxonomy":"post_tag","embeddable":true,"href":"https:\/\/artes.utp.edu.co\/artes-visuales\/wp-json\/wp\/v2\/tags?post=91"}],"curies":[{"name":"wp","href":"https:\/\/api.w.org\/{rel}","templated":true}]}}