{"id":589,"date":"2020-05-07T17:17:02","date_gmt":"2020-05-07T22:17:02","guid":{"rendered":"https:\/\/artes.utp.edu.co\/especializacion-en-dramaturgia-del-actor\/2020\/05\/07\/director-del-programa\/"},"modified":"2022-09-05T10:59:54","modified_gmt":"2022-09-05T15:59:54","slug":"director-del-programa","status":"publish","type":"post","link":"https:\/\/artes.utp.edu.co\/especializacion-en-dramaturgia-del-actor\/sin-categoria\/director-del-programa\/","title":{"rendered":"Director del programa"},"content":{"rendered":"\n<p><span class=\"post-content__span\"> <strong>Informaci\u00f3n de contacto<\/strong><\/p>\n\n\n\n<figure class=\"wp-block-table table table-striped is-style-stripes\"><table><tbody><tr><td>Nombre Director del Programa<\/td><td>\n<p dir=\"ltr\">F\u00e9lix Antequera Amaral<\/p>\n<\/td><\/tr><tr><td>Nombre del programa acad\u00e9mico de posgrado<\/td><td>Especializaci\u00f3n en Dramaturgia del Actor<\/td><\/tr><tr><td>Adscrito a la facultad de:<\/td><td>Facultad de Bellas Artes y Humanidades<\/td><\/tr><tr><td>Contacto del Director<\/td><td>Tel\u00e9fono:&nbsp;3218558918<br>\n\t\t\tEmail:&nbsp;eda@utp.edu.co<\/td><\/tr><\/tbody><\/table><\/figure>\n","protected":false},"excerpt":{"rendered":"<p>Informaci\u00f3n de contacto Nombre Director del Programa F\u00e9lix Antequera Amaral Nombre del programa acad\u00e9mico de posgrado Especializaci\u00f3n en Dramaturgia del Actor Adscrito a la facultad de: Facultad de Bellas Artes [&#8230;]<\/p>\n","protected":false},"author":1,"featured_media":0,"comment_status":"closed","ping_status":"closed","sticky":false,"template":"","format":"standard","meta":{"footnotes":""},"categories":[1],"tags":[],"class_list":["post-589","post","type-post","status-publish","format-standard","hentry","category-sin-categoria"],"_links":{"self":[{"href":"https:\/\/artes.utp.edu.co\/especializacion-en-dramaturgia-del-actor\/wp-json\/wp\/v2\/posts\/589","targetHints":{"allow":["GET"]}}],"collection":[{"href":"https:\/\/artes.utp.edu.co\/especializacion-en-dramaturgia-del-actor\/wp-json\/wp\/v2\/posts"}],"about":[{"href":"https:\/\/artes.utp.edu.co\/especializacion-en-dramaturgia-del-actor\/wp-json\/wp\/v2\/types\/post"}],"author":[{"embeddable":true,"href":"https:\/\/artes.utp.edu.co\/especializacion-en-dramaturgia-del-actor\/wp-json\/wp\/v2\/users\/1"}],"replies":[{"embeddable":true,"href":"https:\/\/artes.utp.edu.co\/especializacion-en-dramaturgia-del-actor\/wp-json\/wp\/v2\/comments?post=589"}],"version-history":[{"count":2,"href":"https:\/\/artes.utp.edu.co\/especializacion-en-dramaturgia-del-actor\/wp-json\/wp\/v2\/posts\/589\/revisions"}],"predecessor-version":[{"id":734,"href":"https:\/\/artes.utp.edu.co\/especializacion-en-dramaturgia-del-actor\/wp-json\/wp\/v2\/posts\/589\/revisions\/734"}],"wp:attachment":[{"href":"https:\/\/artes.utp.edu.co\/especializacion-en-dramaturgia-del-actor\/wp-json\/wp\/v2\/media?parent=589"}],"wp:term":[{"taxonomy":"category","embeddable":true,"href":"https:\/\/artes.utp.edu.co\/especializacion-en-dramaturgia-del-actor\/wp-json\/wp\/v2\/categories?post=589"},{"taxonomy":"post_tag","embeddable":true,"href":"https:\/\/artes.utp.edu.co\/especializacion-en-dramaturgia-del-actor\/wp-json\/wp\/v2\/tags?post=589"}],"curies":[{"name":"wp","href":"https:\/\/api.w.org\/{rel}","templated":true}]}}