{"id":5,"date":"2010-06-13T10:43:33","date_gmt":"2010-06-13T15:43:33","guid":{"rendered":"https:\/\/artes.utp.edu.co\/filosofia\/docentes\/"},"modified":"2025-01-27T10:20:18","modified_gmt":"2025-01-27T15:20:18","slug":"docentes","status":"publish","type":"post","link":"https:\/\/artes.utp.edu.co\/filosofia\/informacion-general-del-programa\/docentes\/","title":{"rendered":"Docentes"},"content":{"rendered":"\n<h2 class=\"wp-block-heading\">Docentes de planta<\/h2>\n\n\n\n<p><\/p>\n\n\n\n<ul class=\"wp-block-list\">\n<li>Alfredo Abad (Doctor en Filosof\u00eda) &#8211; alfredoabad@utp.edu.co<\/li>\n\n\n\n<li>Luis Guillermo Quijano (Doctor en Filosof\u00eda) &#8211; luisquijano@utp.edu.co<\/li>\n\n\n\n<li>Pedro Juan Aristiz\u00e1bal (Doctor en Filosof\u00eda) &#8211; juansipaso@utp.edu.co<\/li>\n\n\n\n<li>Carlos Eduardo Pel\u00e1ez (Doctor en Filosof\u00eda) &#8211; carlosedo@utp.edu.co<\/li>\n\n\n\n<li>Carlos Andr\u00e9s Garz\u00f3n (Doctor en Filosof\u00eda)<\/li>\n\n\n\n<li>Carlos Carvajal (Magister en Filosof\u00eda) &#8211; carvacor@utp.edu.co<br><\/li>\n<\/ul>\n\n\n\n<h2 class=\"wp-block-heading\">Docentes transitorios<\/h2>\n\n\n\n<ul class=\"wp-block-list\">\n<li>Jos\u00e9 Camilo R\u00edos (Doctor en Filosof\u00eda) &#8211; josecatus@utp.edu.co<\/li>\n\n\n\n<li>Juan Manuel L\u00f3pez (Magister en Literatura) &#8211; jlmr@utp.edu.co<\/li>\n<\/ul>\n\n\n\n<p><\/p>\n\n\n\n<h2 class=\"wp-block-heading\">Docentes catedr\u00e1ticos<\/h2>\n\n\n\n<ul class=\"wp-block-list\">\n<li>Victor Daniel Montes (Magister en Historia) &#8211; vdmontes@utp.edu.co<\/li>\n\n\n\n<li>Gloria Mildred Henao (Magister en Literatura) &#8211; gmhenao@utp.edu.co<\/li>\n\n\n\n<li>Rosita Mej\u00eda (Candidata a doctora en Filosof\u00eda) &#8211; rositamarcela.mejia@utp.edu.co<\/li>\n\n\n\n<li>Leidy Marcela Ram\u00edrez (Magister en Ciencias Sociales) &#8211; leidy.ramirez@utp.edu.co<\/li>\n\n\n\n<li>Maria Cristina L\u00f3pez (Magister en Filosof\u00eda) &#8211; mariacristina.lopez@utp.edu.co<\/li>\n\n\n\n<li>Leonardo Londo\u00f1o (Magister en did\u00e1ctica y filosof\u00eda)<\/li>\n\n\n\n<li>Elkin Heredia (Candidato a doctor en Filosof\u00eda) &#8211; elkin.heredia@utp.edu.co<\/li>\n\n\n\n<li>Luz Adriana Henao (Magister en educaci\u00f3n) &#8211; luzah@utp.edu.co<\/li>\n\n\n\n<li>Natali Cardona (Magister en Educaci\u00f3n)<\/li>\n<\/ul>\n\n\n\n<p><\/p>\n\n\n\n<p><\/p>\n","protected":false},"excerpt":{"rendered":"<p>Docentes de planta Docentes transitorios Docentes catedr\u00e1ticos<\/p>\n","protected":false},"author":1,"featured_media":0,"comment_status":"closed","ping_status":"closed","sticky":false,"template":"","format":"standard","meta":{"footnotes":""},"categories":[5],"tags":[],"class_list":["post-5","post","type-post","status-publish","format-standard","hentry","category-informacion-general-del-programa"],"_links":{"self":[{"href":"https:\/\/artes.utp.edu.co\/filosofia\/wp-json\/wp\/v2\/posts\/5","targetHints":{"allow":["GET"]}}],"collection":[{"href":"https:\/\/artes.utp.edu.co\/filosofia\/wp-json\/wp\/v2\/posts"}],"about":[{"href":"https:\/\/artes.utp.edu.co\/filosofia\/wp-json\/wp\/v2\/types\/post"}],"author":[{"embeddable":true,"href":"https:\/\/artes.utp.edu.co\/filosofia\/wp-json\/wp\/v2\/users\/1"}],"replies":[{"embeddable":true,"href":"https:\/\/artes.utp.edu.co\/filosofia\/wp-json\/wp\/v2\/comments?post=5"}],"version-history":[{"count":28,"href":"https:\/\/artes.utp.edu.co\/filosofia\/wp-json\/wp\/v2\/posts\/5\/revisions"}],"predecessor-version":[{"id":10184,"href":"https:\/\/artes.utp.edu.co\/filosofia\/wp-json\/wp\/v2\/posts\/5\/revisions\/10184"}],"wp:attachment":[{"href":"https:\/\/artes.utp.edu.co\/filosofia\/wp-json\/wp\/v2\/media?parent=5"}],"wp:term":[{"taxonomy":"category","embeddable":true,"href":"https:\/\/artes.utp.edu.co\/filosofia\/wp-json\/wp\/v2\/categories?post=5"},{"taxonomy":"post_tag","embeddable":true,"href":"https:\/\/artes.utp.edu.co\/filosofia\/wp-json\/wp\/v2\/tags?post=5"}],"curies":[{"name":"wp","href":"https:\/\/api.w.org\/{rel}","templated":true}]}}