{"id":11,"date":"2011-06-14T10:28:30","date_gmt":"2011-06-14T15:28:30","guid":{"rendered":"https:\/\/artes.utp.edu.co\/humanidades-idiomas\/sin-categoria\/humanidades-i\/"},"modified":"2022-09-23T09:12:46","modified_gmt":"2022-09-23T14:12:46","slug":"humanidades-i","status":"publish","type":"post","link":"https:\/\/artes.utp.edu.co\/humanidades-idiomas\/asignaturas\/humanidades-i\/","title":{"rendered":"Humanidades I"},"content":{"rendered":"\n<h3 class=\"wp-block-heading\"><strong><span>Culturas Medi\u00e1ticas y Subjetividades Contempor\u00e1neas<\/span><\/strong><\/h3>\n\n\n\n<p><span class=\"post-content__span\"> Este curso es una aproximaci\u00f3n al problema de la gesti\u00f3n del sentido colectivo que se da en el actual entorno medi\u00e1tico, donde transcurre buena parte de la actividad humana contempor\u00e1nea.<\/p>\n\n\n\n<p><span class=\"post-content__span\"> <a href=\"https:\/\/media2.utp.edu.co\/programas\/27\/Culturas%20medi%C3%A1ticas%20y%20subjetividades%20contempor%C3%A1neas(1).pdf\" target=\"_blank\" rel=\"noreferrer noopener\">Ver m\u00e1s >><\/a><\/p>\n\n\n\n<h3 class=\"wp-block-heading\"><span><strong>Transformaciones de lo humano y las humanidades en el contexto del COVID- 19<\/strong><\/span><\/h3>\n\n\n\n<p><span class=\"post-content__span\"> La sociedad en cuanto no es algo abstracto est\u00e1 compuesta por individuos que han superado su condici\u00f3n de animalidad y por ello emergen como humanos. Desde all\u00ed han creado un rasgo que le es constitutivo: la cultura.<\/p>\n\n\n\n<p><span class=\"post-content__span\"> <a href=\"https:\/\/media2.utp.edu.co\/programas\/27\/Transformaciones%20de%20lo%20humano%20y%20las%20humanidades%20en%20el%20contexto%20del%20COVID-%2019(1).pdf\" target=\"_blank\" rel=\"noreferrer noopener\">Ver m\u00e1s >><\/a><\/p>\n\n\n\n<h3 class=\"wp-block-heading\"><span><strong>Humanidades y las Nuevas Realidades Virtuales<\/strong><\/span><\/h3>\n\n\n\n<p><span class=\"post-content__span\"> Se inscribe en el inter\u00e9s de pensar la reconfiguraci\u00f3n que vive el sujeto desde dimensiones hist\u00f3ricas, pol\u00edticas, culturales, est\u00e9ticas y comunicativas que demanda la sociedad contempor\u00e1nea, una sociedad caracterizada por las din\u00e1micas del pensamiento y de la acci\u00f3n frente a las diversas problem\u00e1ticas que atraviesa el ser humano desde su experiencia.<\/p>\n\n\n\n<p><span class=\"post-content__span\"> <a href=\"https:\/\/media2.utp.edu.co\/programas\/27\/Humanidades%20y%20las%20nuevas%20realidades%20virtuales(2).pdf\" target=\"_blank\" rel=\"noreferrer noopener\">Ver m\u00e1s >><\/a><\/p>\n\n\n\n<h3 class=\"wp-block-heading\"><strong><span>Mediaci\u00f3n Tecnol\u00f3gica y Comprensiones de Mundo<\/span><\/strong><\/h3>\n\n\n\n<p><span class=\"post-content__span\"> Busca la reflexi\u00f3n propia de las ciencias sociales y las humanidades frente a las diversas y complejas realidades que nos presenta el mundo contempor\u00e1neo.<\/p>\n\n\n\n<p><span class=\"post-content__span\"> <a href=\"https:\/\/media2.utp.edu.co\/programas\/27\/Mediaci%C3%B3n%20tecnol%C3%B3gica%20y%20comprensiones%20de%20mundo.doc(1).pdf\" target=\"_blank\" rel=\"noreferrer noopener\">Ver m\u00e1s >><\/a><\/p>\n\n\n\n<h3 class=\"wp-block-heading\"><strong><span>Topograf\u00edas de lo Humano y Relatos de la Posmodernidad<\/span><\/strong><\/h3>\n\n\n\n<p><span class=\"post-content__span\"> Pretende generar un espacio de reflexi\u00f3n constante desde el cual se entienda al ser humano como un ser de relaciones, para ello se hace necesario reflexionar asuntos como el tiempo, el espacio y el cuerpo, como desde estos se construyen sentidos y significados, para ello se da una mirada a la modernidad y la posmodernidad.<\/p>\n\n\n\n<p><span class=\"post-content__span\"> <a href=\"https:\/\/media2.utp.edu.co\/programas\/27\/Topograf%C3%ADas%20de%20lo%20humano%20y%20relatos%20de%20la%20posmodernidad(1).pdf\" target=\"_blank\" rel=\"noreferrer noopener\">Ver m\u00e1s >><\/a><\/p>\n\n\n\n<h3 class=\"wp-block-heading\"><strong><span>Ciudadan\u00eda y Modernidad&nbsp;<\/span><\/strong><\/h3>\n\n\n\n<p><span class=\"post-content__span\"> <span>La modernidad cambia los h\u00e1bitos y las pr\u00e1cticas sociales desde todos los \u00e1ngulos, el mundo se re-direcciona en lo econ\u00f3mico, lo pol\u00edtico, lo social y lo cultural, generando como consecuencia de ello, nuevas formas de comportamiento y nuevas estructuras sociales.<\/span><\/p>\n\n\n\n<p><span class=\"post-content__span\"> <span><a href=\"https:\/\/media2.utp.edu.co\/programas\/27\/ciudad%20y%20modernidad.pdf\" target=\"_blank\" rel=\"noreferrer noopener\">Ver m\u00e1s >><\/a><\/span><\/p>\n\n\n\n<h3 class=\"wp-block-heading\"><strong><span>Las Humanidades y los desarrollos tecnol\u00f3gicos<\/span><\/strong><\/h3>\n\n\n\n<p><span class=\"post-content__span\"> Este curso de Humanidades I pretende generar un espacio de reflexi\u00f3n constante con la pretensi\u00f3n de provocar m\u00faltiples miradas no s\u00f3lo hacia los procesos y desarrollos humanos sino tambi\u00e9n, hacia los procesos y desarrollos tecnol\u00f3gicos y a las implicaciones rec\u00edprocas y simult\u00e1neas en las dimensiones: pol\u00edtica, cultural, hist\u00f3rica, est\u00e9tica, y social, porque en la sociedad actual la tecnolog\u00eda y su relaci\u00f3n con lo humano demandan cada vez m\u00e1s de estudios y reflexiones&nbsp; que contribuyan a la apropiaci\u00f3n y concientizaci\u00f3n de los cambios constantes productos de las din\u00e1micas del mundo.<\/p>\n\n\n\n<p><span class=\"post-content__span\"> <a href=\"https:\/\/media2.utp.edu.co\/programas\/27\/Las%20Humanidades%20y%20los%20desarrollos%20tecnol%C3%B3gicos.pdf\" target=\"_blank\" rel=\"noreferrer noopener\"><span>Ver m\u00e1s >><\/span><\/a><\/p>\n\n\n\n<h3 class=\"wp-block-heading\"><strong><span>Las Humanidades en la Cibercultura&nbsp;<\/span><\/strong><\/h3>\n\n\n\n<p><span class=\"post-content__span\"> En las \u00faltimas tres d\u00e9cadas, una gran parte de los pensadores sociales en el mundo han comenzado a comprender que las grandes incertidumbres de la realidad pol\u00edtica, econ\u00f3mica, social y cultural de la actualidad, obedecen en gran medida a un cierto exceso de informaci\u00f3n que se nos presenta d\u00eda a d\u00eda en todos los aspectos de nuestras vidas. Marc Auge lo nombr\u00f3 como una \u00e9poca de \u201csobrecarga de sentido\u201d. Es decir, un tejido de significaciones que cada vez se hace m\u00e1s denso en la medida que potencializamos muchas m\u00e1s formas de comunicaci\u00f3n e intercambio simb\u00f3lico.<\/p>\n\n\n\n<p><span class=\"post-content__span\"> <span><a href=\"https:\/\/media2.utp.edu.co\/programas\/27\/Las%20humanidades%20en%20la%20cibercultura.pdf\" target=\"_blank\" rel=\"noreferrer noopener\">Ver m\u00e1s >><\/a><\/span><\/p>\n\n\n\n<h3 class=\"wp-block-heading\"><strong><span>Humanidades I<\/span><\/strong><\/h3>\n\n\n\n<p><span class=\"post-content__span\"> La presente asignatura pretende formar a los y las estudiantes en los conocimientos b\u00e1sicos sobre la emergencia, consolidaci\u00f3n y caracter\u00edsticas generales de las ciencias sociales y humanas.<\/p>\n\n\n\n<p><span class=\"post-content__span\"> <a href=\"https:\/\/media2.utp.edu.co\/programas\/27\/Humanidades%20I(1).pdf\" target=\"_blank\" rel=\"noreferrer noopener\">Ver m\u00e1s >><\/a><\/p>\n\n\n\n<h3 class=\"wp-block-heading\"><span><strong>Humanidades y Narrativas<\/strong><\/span><\/h3>\n\n\n\n<p><span class=\"post-content__span\"> La pregunta por lo humano ha sido una preocupaci\u00f3n en diferentes contextos y periodos hist\u00f3ricos que hoy sigue vigente, y se refleja de manera contundente a trav\u00e9s de las luchas sociales que emergen a nivel global, las cuales buscan la defensa de los derechos humanos, as\u00ed como de sociedades m\u00e1s justas e igualitarias.<\/p>\n\n\n\n<p><span class=\"post-content__span\"> <a href=\"https:\/\/media2.utp.edu.co\/programas\/27\/Humanidades%20y%20narrativas.pdf\" target=\"_blank\" rel=\"noreferrer noopener\">Ver m\u00e1s >><\/a><\/p>\n","protected":false},"excerpt":{"rendered":"<p>Culturas Medi\u00e1ticas y Subjetividades Contempor\u00e1neas Este curso es una aproximaci\u00f3n al problema de la gesti\u00f3n del sentido colectivo que se da en el actual entorno medi\u00e1tico, donde transcurre buena parte de la actividad humana contempor\u00e1nea. [&hellip;]<\/p>\n","protected":false},"author":1,"featured_media":0,"comment_status":"closed","ping_status":"closed","sticky":false,"template":"","format":"standard","meta":{"footnotes":""},"categories":[2],"tags":[],"class_list":["post-11","post","type-post","status-publish","format-standard","hentry","category-asignaturas"],"_links":{"self":[{"href":"https:\/\/artes.utp.edu.co\/humanidades-idiomas\/wp-json\/wp\/v2\/posts\/11","targetHints":{"allow":["GET"]}}],"collection":[{"href":"https:\/\/artes.utp.edu.co\/humanidades-idiomas\/wp-json\/wp\/v2\/posts"}],"about":[{"href":"https:\/\/artes.utp.edu.co\/humanidades-idiomas\/wp-json\/wp\/v2\/types\/post"}],"author":[{"embeddable":true,"href":"https:\/\/artes.utp.edu.co\/humanidades-idiomas\/wp-json\/wp\/v2\/users\/1"}],"replies":[{"embeddable":true,"href":"https:\/\/artes.utp.edu.co\/humanidades-idiomas\/wp-json\/wp\/v2\/comments?post=11"}],"version-history":[{"count":3,"href":"https:\/\/artes.utp.edu.co\/humanidades-idiomas\/wp-json\/wp\/v2\/posts\/11\/revisions"}],"predecessor-version":[{"id":10187,"href":"https:\/\/artes.utp.edu.co\/humanidades-idiomas\/wp-json\/wp\/v2\/posts\/11\/revisions\/10187"}],"wp:attachment":[{"href":"https:\/\/artes.utp.edu.co\/humanidades-idiomas\/wp-json\/wp\/v2\/media?parent=11"}],"wp:term":[{"taxonomy":"category","embeddable":true,"href":"https:\/\/artes.utp.edu.co\/humanidades-idiomas\/wp-json\/wp\/v2\/categories?post=11"},{"taxonomy":"post_tag","embeddable":true,"href":"https:\/\/artes.utp.edu.co\/humanidades-idiomas\/wp-json\/wp\/v2\/tags?post=11"}],"curies":[{"name":"wp","href":"https:\/\/api.w.org\/{rel}","templated":true}]}}