{"id":13,"date":"2011-06-14T11:13:31","date_gmt":"2011-06-14T16:13:31","guid":{"rendered":"https:\/\/artes.utp.edu.co\/humanidades-idiomas\/sin-categoria\/humanidades-ii\/"},"modified":"2022-09-23T09:15:21","modified_gmt":"2022-09-23T14:15:21","slug":"humanidades-ii","status":"publish","type":"post","link":"https:\/\/artes.utp.edu.co\/humanidades-idiomas\/asignaturas\/humanidades-ii\/","title":{"rendered":"Humanidades II"},"content":{"rendered":"\n<h3 class=\"wp-block-heading\"><span><strong>Dispositivos Tecno-simb\u00f3licos de la Cultura y Pr\u00e1cticas Contempor\u00e1neas<\/strong><\/span><\/h3>\n\n\n\n<p><span class=\"post-content__span\"> Busca propiciar un espacio de di\u00e1logo e interacci\u00f3n para reflexionar sobre nuestra situaci\u00f3n de \u00e9poca y el proceso de re-definici\u00f3n de las pr\u00e1cticas culturales que en ella tienen lugar.<\/p>\n\n\n\n<p><span class=\"post-content__span\"> <a href=\"https:\/\/media2.utp.edu.co\/programas\/27\/Dispositivos%20tecnosimb%C3%B3licos%20de%20la%20cultura%20y%20pr%C3%A1cticas%20contempor%C3%A1neas(1).pdf\" target=\"_blank\" rel=\"noreferrer noopener\"><span>Ver m\u00e1s >><\/span><\/a><\/p>\n\n\n\n<p><span class=\"post-content__span\"> <span><strong>El Sujeto que persiste en la Imagen:&nbsp;Cine, Pol\u00edtica y Juventudes<\/strong><\/span><\/p>\n\n\n\n<p><span class=\"post-content__span\"> Es importante comprender como el sujeto se potencia en la imagen&nbsp; como creador de sentido, analizando el ser que habita el mundo como participante y hacedor de cultura.<\/p>\n\n\n\n<p><span class=\"post-content__span\"> <a href=\"https:\/\/media2.utp.edu.co\/programas\/27\/El%20sujeto%20que%20persiste%20en%20la%20imagen.%20Cine%2C%20pol%C3%ADtica%20y%20juventudes(1).pdf\" target=\"_blank\" rel=\"noreferrer noopener\"><span>Ver m\u00e1s >><\/span><\/a><\/p>\n\n\n\n<h3 class=\"wp-block-heading\"><span><strong>Geopol\u00edtica y Conflicto Armado Colombiano<\/strong><\/span><\/h3>\n\n\n\n<p><span class=\"post-content__span\"> Orientado desde la discusi\u00f3n humanista de la alteridad, desde el reconocimiento de y del otro, se plan un curso que indague por diversas formas de territorialidad en clave est\u00e9tica, hist\u00f3rica, cultural, pol\u00edtica geogr\u00e1fica.&nbsp;<\/p>\n\n\n\n<p><span class=\"post-content__span\"> <a href=\"https:\/\/media2.utp.edu.co\/programas\/27\/Geopol%C3%ADtica%20y%20conflicto%20armado%20colombiano(1).pdf\" target=\"_blank\" rel=\"noreferrer noopener\"><span>Ver m\u00e1s >><\/span><\/a><\/p>\n\n\n\n<h3 class=\"wp-block-heading\"><span><strong>Humanidades: Atm\u00f3sferas Ciudadanas<\/strong><\/span><\/h3>\n\n\n\n<p><span class=\"post-content__span\"> Busca dar continuidad a la reflexi\u00f3n sobre las re-configuraciones que vive el sujeto en su forma de habitar el mundo, la importancia de lo hist\u00f3rico, lo cultural, lo pol\u00edtico, lo est\u00e9tico y lo comunicativo como dimensiones que dan cuenta de las formas de vivir la sociedad contempor\u00e1nea, una sociedad que cuenta el c\u00f3mo ha pensado, habitado y construido la urbe.<\/p>\n\n\n\n<p><span class=\"post-content__span\"> <a href=\"https:\/\/media2.utp.edu.co\/programas\/27\/Humanidades%2C%20Atm%C3%B3sferas%20ciudadanas(1).pdf\" target=\"_blank\" rel=\"noreferrer noopener\"><span>Ver m\u00e1s >><\/span><\/a><\/p>\n\n\n\n<h3 class=\"wp-block-heading\"><span><strong>La Ciudad: El lugar de lo Humano<\/strong><\/span><\/h3>\n\n\n\n<p><span class=\"post-content__span\"> Nuestro referente socioambiental hace tiempo dejo de ser aquello que rom\u00e1nticamente llamamos \u00abel campo\u00bb, y la ciudad se ha transformado en el lugar que potencia y delimita, al mismo tiempo, la construcci\u00f3n individual y colectiva de sentido.<\/p>\n\n\n\n<p><span class=\"post-content__span\"> <a href=\"https:\/\/media2.utp.edu.co\/programas\/27\/La%20ciudad%2C%20el%20lugar%20de%20lo%20humano(1).pdf\" target=\"_blank\" rel=\"noreferrer noopener\"><span>Ver m\u00e1s >><\/span><\/a><\/p>\n\n\n\n<h3 class=\"wp-block-heading\"><span><strong>Mediaciones Tecnol\u00f3gicas en la Cultura<\/strong><\/span><\/h3>\n\n\n\n<p><span class=\"post-content__span\"> La formaci\u00f3n human\u00edstica debe buscar su pertinencia en la generaci\u00f3n del di\u00e1logo entre los saberes concretos que encierran las disciplinas, con el conocimiento que, desde otros campos, se puede tener sobre sus propios objetos de estudio.&nbsp;<\/p>\n\n\n\n<p><span class=\"post-content__span\"> <a href=\"https:\/\/media2.utp.edu.co\/programas\/27\/Mediaciones%20tecnol%C3%B3gicas%20en%20la%20cultura.pdf\" target=\"_blank\" rel=\"noreferrer noopener\"><span>Ver m\u00e1s >><\/span><\/a><\/p>\n\n\n\n<h3 class=\"wp-block-heading\"><span><strong>Modos de Ser y Problemas de Conocimiento<\/strong><\/span><\/h3>\n\n\n\n<p><span class=\"post-content__span\"> La formaci\u00f3n en humanidades constituye el campo desde donde el ser humano afianza su humanidad para crear conocimiento cient\u00edfico, desarrollar avances tecnol\u00f3gicos, explorar su sensibilidad y percepci\u00f3n de mundo a trav\u00e9s del arte, innovar e inventar objetos y procesos en ciclos cada vez m\u00e1s complejos y especializados.<\/p>\n\n\n\n<p><span class=\"post-content__span\"> <a href=\"https:\/\/media2.utp.edu.co\/programas\/27\/Modos%20de%20ser%20y%20Problemas%20de%20Conocimiento(1).pdf\" target=\"_blank\" rel=\"noreferrer noopener\"><span>Ver m\u00e1s >><\/span><\/a><\/p>\n\n\n\n<h3 class=\"wp-block-heading\"><span><strong>Problemas Contempor\u00e1neos: Ciencia, Tecnolog\u00eda y Sociedad<\/strong><\/span><\/h3>\n\n\n\n<p><span class=\"post-content__span\"> Entre los hitos del nuevo milenio, la sociedad digital y la biotecnolog\u00eda ocupan destacado lugar y ameritan un detallado an\u00e1lisis, todo dentro de un marco definido por procesos de globalizaci\u00f3n y tecnologizaci\u00f3n regidos por la racionalidad instrumental.<\/p>\n\n\n\n<p><span class=\"post-content__span\"> <a href=\"https:\/\/media2.utp.edu.co\/programas\/27\/Problemas%20contempor%C3%A1neos%2C%20Ciencia%2C%20Tecnolog%C3%ADa%20y%20Sociedad(1).pdf\" target=\"_blank\" rel=\"noreferrer noopener\"><span>Ver m\u00e1s >><\/span><\/a><\/p>\n\n\n\n<h3 class=\"wp-block-heading\"><span><strong>Sujeto Pol\u00edtico y Acci<\/strong><\/span><strong>\u00f3n Colectiva en las Sociedades Contempor\u00e1neas&nbsp;<\/strong><\/h3>\n\n\n\n<p><span class=\"post-content__span\"> <span>El estudiante estar\u00e1 en la capacidad de identificar diferentes expresiones humanas, as\u00ed como las narrativas emergentes que surgen en la actualidad.<\/span><\/p>\n\n\n\n<p><span class=\"post-content__span\"> <a href=\"https:\/\/media2.utp.edu.co\/programas\/27\/sujeto%20politico%20y%20accion%20colectiva.pdf\" target=\"_blank\" rel=\"noreferrer noopener\"><span>Ver m\u00e1s >><\/span><\/a><\/p>\n\n\n\n<h3 class=\"wp-block-heading\"><span><strong>Cuerpo, Virtualidad y Subjetividad Pol\u00edtica&nbsp;<\/strong><\/span><\/h3>\n\n\n\n<p><span class=\"post-content__span\"> <span>La modernidad ha creado una condici\u00f3n de humanidad instrumentalizada que ha hecho crisis. De ella ha surgido un inter\u00e9s especial por volver sobre los fundamentos de lo humano pero en una perspectiva menos antropoc\u00e9ntrica y m\u00e1s c\u00f3smica.<\/span><\/p>\n\n\n\n<p><span class=\"post-content__span\"> <a href=\"https:\/\/media2.utp.edu.co\/programas\/27\/Cuerpo%2C%20virtualidad%2C%20y%20subjetividad%20pol%C3%ADtica(1)(1).pdf\" target=\"_blank\" rel=\"noreferrer noopener\"><span>Ver m\u00e1s >><\/span><\/a><\/p>\n\n\n\n<h3 class=\"wp-block-heading\"><span><strong>Efectos del Ser en Situaci\u00f3n, Mecanismos, Gestos, Respuestas&nbsp;<\/strong><\/span><\/h3>\n\n\n\n<p><span class=\"post-content__span\"> <span>Busca ubicar al estudiante en lugares de negociaci\u00f3n com\u00fan a partir del reconocimiento del ser como una construcci\u00f3n de su propia situaci\u00f3n<\/span><\/p>\n\n\n\n<p><span class=\"post-content__span\"> <a href=\"https:\/\/media2.utp.edu.co\/programas\/27\/Efectos%20del%20ser%20en%20situaci%C3%B3n%2C%20mecanismos%2C%20gestos%2C%20respuestas(1).pdf\" target=\"_blank\" rel=\"noreferrer noopener\"><span>Ver m\u00e1s >><\/span><\/a><\/p>\n\n\n\n<h3 class=\"wp-block-heading\"><span><strong>Identidades, Subjetividades y Reconocimiento&nbsp;<\/strong><\/span><\/h3>\n\n\n\n<p><span class=\"post-content__span\"> <span>El papel que le corresponde a la Universidad y espec\u00edficamente a las humanidades, obliga a asumir posturas que, por un lado, doten al individuo de una expresi\u00f3n de mundo que le permita discernir, aclarar, intervenir y, por otro lado, estimulen en \u00e9l su participaci\u00f3n en las decisiones del Estado y de la vida ciudadana.<\/span><\/p>\n\n\n\n<p><span class=\"post-content__span\"> <span><a href=\"https:\/\/media2.utp.edu.co\/programas\/27\/Identidades%2C%20subjetividades%20y%20reconocimientos(1)(1).pdf\" target=\"_blank\" rel=\"noreferrer noopener\">Ver m\u00e1s >><\/a><\/span><\/p>\n\n\n\n<h3 class=\"wp-block-heading\"><span><strong>Memoria, Cultura y Vida Cotidiana.&nbsp;<\/strong><\/span><strong>La Ciudad como Escenario de Expresividad Social, Est\u00e9tica y Pol\u00edtica&nbsp;<\/strong><\/h3>\n\n\n\n<p><span class=\"post-content__span\"> La ciudad contempor\u00e1nea se presenta como el escenario propicio para la manifestaci\u00f3n de estas tensiones y procesos de negociaci\u00f3n cultural, pol\u00edtico, etc&nbsp;<\/p>\n\n\n\n<p><span class=\"post-content__span\"> <a href=\"https:\/\/media2.utp.edu.co\/programas\/27\/Memoria%2C%20cultura%20y%20vida%20cotidiana.%20La%20ciudad%20como%20escenario%20de%20expresividad%20social%2C%20est%C3%A9tica%20y%20pol%C3%ADtica(1).pdf\" target=\"_blank\" rel=\"noreferrer noopener\">Ver m\u00e1s >><\/a><\/p>\n\n\n\n<h3 class=\"wp-block-heading\"><span><strong>Pensamiento Pol\u00edtico y Literatura&nbsp;<\/strong><\/span><\/h3>\n\n\n\n<p><span class=\"post-content__span\"> <span>Esta clase de Estado, adem\u00e1s de reconocer el principio orientador de subordinaci\u00f3n de los poderes p\u00fablicos al derecho, permitiendo el ejercicio de las libertades individual y pol\u00edtica, debe ocuparse de proveer unos m\u00ednimos de igualdad.<\/span><\/p>\n\n\n\n<p><span class=\"post-content__span\"> <a href=\"https:\/\/media2.utp.edu.co\/programas\/27\/Pensamiento%20pol%C3%ADtico%20y%20literatura(1)(1).pdf\" target=\"_blank\" rel=\"noreferrer noopener\"><span>Ver m\u00e1s >><\/span><\/a><\/p>\n\n\n\n<h4 class=\"wp-block-heading\">&nbsp;<\/h4>\n","protected":false},"excerpt":{"rendered":"<p>Dispositivos Tecno-simb\u00f3licos de la Cultura y Pr\u00e1cticas Contempor\u00e1neas Busca propiciar un espacio de di\u00e1logo e interacci\u00f3n para reflexionar sobre nuestra situaci\u00f3n de \u00e9poca y el proceso de re-definici\u00f3n de las pr\u00e1cticas culturales que en ella [&hellip;]<\/p>\n","protected":false},"author":1,"featured_media":0,"comment_status":"closed","ping_status":"closed","sticky":false,"template":"","format":"standard","meta":{"footnotes":""},"categories":[2],"tags":[],"class_list":["post-13","post","type-post","status-publish","format-standard","hentry","category-asignaturas"],"_links":{"self":[{"href":"https:\/\/artes.utp.edu.co\/humanidades-idiomas\/wp-json\/wp\/v2\/posts\/13","targetHints":{"allow":["GET"]}}],"collection":[{"href":"https:\/\/artes.utp.edu.co\/humanidades-idiomas\/wp-json\/wp\/v2\/posts"}],"about":[{"href":"https:\/\/artes.utp.edu.co\/humanidades-idiomas\/wp-json\/wp\/v2\/types\/post"}],"author":[{"embeddable":true,"href":"https:\/\/artes.utp.edu.co\/humanidades-idiomas\/wp-json\/wp\/v2\/users\/1"}],"replies":[{"embeddable":true,"href":"https:\/\/artes.utp.edu.co\/humanidades-idiomas\/wp-json\/wp\/v2\/comments?post=13"}],"version-history":[{"count":2,"href":"https:\/\/artes.utp.edu.co\/humanidades-idiomas\/wp-json\/wp\/v2\/posts\/13\/revisions"}],"predecessor-version":[{"id":10190,"href":"https:\/\/artes.utp.edu.co\/humanidades-idiomas\/wp-json\/wp\/v2\/posts\/13\/revisions\/10190"}],"wp:attachment":[{"href":"https:\/\/artes.utp.edu.co\/humanidades-idiomas\/wp-json\/wp\/v2\/media?parent=13"}],"wp:term":[{"taxonomy":"category","embeddable":true,"href":"https:\/\/artes.utp.edu.co\/humanidades-idiomas\/wp-json\/wp\/v2\/categories?post=13"},{"taxonomy":"post_tag","embeddable":true,"href":"https:\/\/artes.utp.edu.co\/humanidades-idiomas\/wp-json\/wp\/v2\/tags?post=13"}],"curies":[{"name":"wp","href":"https:\/\/api.w.org\/{rel}","templated":true}]}}