{"id":17,"date":"2012-01-25T11:35:23","date_gmt":"2012-01-25T16:35:23","guid":{"rendered":"https:\/\/artes.utp.edu.co\/humanidades-idiomas\/sin-categoria\/comunicacion-oral-y-escrita\/"},"modified":"2022-09-23T09:13:41","modified_gmt":"2022-09-23T14:13:41","slug":"comunicacion-oral-y-escrita","status":"publish","type":"post","link":"https:\/\/artes.utp.edu.co\/humanidades-idiomas\/asignaturas\/comunicacion-oral-y-escrita\/","title":{"rendered":"Comunicaci\u00f3n Oral y Escrita"},"content":{"rendered":"\n<h3 class=\"wp-block-heading\"><strong><span>Comunicaci\u00f3n Oral y Escrita &#8211; Ingenier\u00eda Industrial<\/span><\/strong><\/h3>\n\n\n\n<p><span class=\"post-content__span\"> <span>La asignatura \u00abComunicaci\u00f3n oral y escrita\u00bb dise\u00f1ada bajo la modalidad de curso-taller, parte de las competencias generales del conocimiento, dichas competencias en el \u00e1rea disciplinar de la lengua materna y la comunicaci\u00f3n se refieren al logro de las habilidades para leer, escribir, escuchar, hablar en entornos cotidianos, acad\u00e9micos, laborales, socioculturales.&nbsp;<\/span><\/p>\n\n\n\n<p><span class=\"post-content__span\"> <span><a href=\"https:\/\/media2.utp.edu.co\/programas\/27\/cominicacion%20oral%20y%20escrita%20-%20industrial.pdf\">Ver <\/a><a rel=\"noreferrer noopener\" href=\"https:\/\/media2.utp.edu.co\/programas\/27\/cominicacion%20oral%20y%20escrita%20-%20industrial.pdf\" target=\"_blank\">m<\/a><a href=\"https:\/\/media2.utp.edu.co\/programas\/27\/cominicacion%20oral%20y%20escrita%20-%20industrial.pdf\" target=\"_blank\" rel=\"noreferrer noopener\">\u00e1s &gt;&gt;<\/a><\/span><\/p>\n\n\n\n<h3 class=\"wp-block-heading\"><strong><span>Comunicaci\u00f3n Oral y Escrita &#8211; Licenciatura en Biling\u00fc\u00edsmo con \u00e9nfasis en ingl\u00e9s&nbsp;<\/span><\/strong><\/h3>\n\n\n\n<p><span class=\"post-content__span\"> <span>El presente Programa ha sido estructurado pensando en las necesidades comunicativas y ling\u00fc\u00edsticas de los estudiantes de primer semestre, entre ellas, la adquisici\u00f3n de destrezas en el manejo de diversos c\u00f3digos como condici\u00f3n para la apropiaci\u00f3n y producci\u00f3n cr\u00edtica de informaci\u00f3n t\u00e9cnica y humanista<\/span><\/p>\n\n\n\n<p><span class=\"post-content__span\"> <span><a href=\"https:\/\/media2.utp.edu.co\/programas\/27\/cominicacion%20oral%20y%20escrita%20-%20bilinguismo.pdf\" target=\"_blank\" rel=\"noreferrer noopener\">Ver m\u00e1s &gt;&gt;<\/a><\/span><\/p>\n\n\n\n<h3 class=\"wp-block-heading\"><span><strong>Comunicaci\u00f3n Oral y Escrita &#8211; Ingenier\u00eda F\u00edsica&nbsp;<\/strong><\/span><\/h3>\n\n\n\n<p><span class=\"post-content__span\"> <span>Con esta asignatura se pretende formar ingenieros con alta capacidad para el razonamiento, la s\u00edntesis y el an\u00e1lisis de problemas de manera interdisciplinar con el fin de plantear soluciones eficaces y pertinentes en el \u00e1mbito laboral y existencial<\/span><\/p>\n\n\n\n<p><span class=\"post-content__span\"> <span><a href=\"https:\/\/media2.utp.edu.co\/programas\/27\/comunicacion%20oral%20y%20escrita%20ingenieria%20fisica.pdf\" target=\"_blank\" rel=\"noreferrer noopener\">Ver m\u00e1s &gt;&gt;<\/a><\/span><\/p>\n\n\n\n<h3 class=\"wp-block-heading\"><span><strong>Comunicaci\u00f3n Oral y Escrita- Ingenier\u00eda Mec\u00e1nica<\/strong><\/span><\/h3>\n\n\n\n<p><span class=\"post-content__span\"> <span>El objetivo de esta asignatura es formar integralmente profesionales comprometidos con en el campo disciplinar de la ingenier\u00eda mec\u00e1nica, solventes en el manejo l\u00f3gico y te\u00f3rico de su \u00e1rea de desempe\u00f1o, responsables con el medio ambiente y comprometidos con el desarrollo sostenible del pa\u00eds.<\/span><\/p>\n\n\n\n<p><span class=\"post-content__span\"> <a href=\"https:\/\/media2.utp.edu.co\/programas\/27\/cominicacion%20oral%20y%20escrita%20-%20mecanica(1).pdf\" target=\"_blank\" rel=\"noreferrer noopener\"><span>Ver m\u00e1s &gt;&gt;<\/span><\/a><\/p>\n","protected":false},"excerpt":{"rendered":"<p>Comunicaci\u00f3n Oral y Escrita &#8211; Ingenier\u00eda Industrial La asignatura \u00abComunicaci\u00f3n oral y escrita\u00bb dise\u00f1ada bajo la modalidad de curso-taller, parte de las competencias generales del conocimiento, dichas competencias en el \u00e1rea disciplinar de la lengua [&hellip;]<\/p>\n","protected":false},"author":1,"featured_media":0,"comment_status":"closed","ping_status":"closed","sticky":false,"template":"","format":"standard","meta":{"footnotes":""},"categories":[2],"tags":[],"class_list":["post-17","post","type-post","status-publish","format-standard","hentry","category-asignaturas"],"_links":{"self":[{"href":"https:\/\/artes.utp.edu.co\/humanidades-idiomas\/wp-json\/wp\/v2\/posts\/17","targetHints":{"allow":["GET"]}}],"collection":[{"href":"https:\/\/artes.utp.edu.co\/humanidades-idiomas\/wp-json\/wp\/v2\/posts"}],"about":[{"href":"https:\/\/artes.utp.edu.co\/humanidades-idiomas\/wp-json\/wp\/v2\/types\/post"}],"author":[{"embeddable":true,"href":"https:\/\/artes.utp.edu.co\/humanidades-idiomas\/wp-json\/wp\/v2\/users\/1"}],"replies":[{"embeddable":true,"href":"https:\/\/artes.utp.edu.co\/humanidades-idiomas\/wp-json\/wp\/v2\/comments?post=17"}],"version-history":[{"count":4,"href":"https:\/\/artes.utp.edu.co\/humanidades-idiomas\/wp-json\/wp\/v2\/posts\/17\/revisions"}],"predecessor-version":[{"id":10188,"href":"https:\/\/artes.utp.edu.co\/humanidades-idiomas\/wp-json\/wp\/v2\/posts\/17\/revisions\/10188"}],"wp:attachment":[{"href":"https:\/\/artes.utp.edu.co\/humanidades-idiomas\/wp-json\/wp\/v2\/media?parent=17"}],"wp:term":[{"taxonomy":"category","embeddable":true,"href":"https:\/\/artes.utp.edu.co\/humanidades-idiomas\/wp-json\/wp\/v2\/categories?post=17"},{"taxonomy":"post_tag","embeddable":true,"href":"https:\/\/artes.utp.edu.co\/humanidades-idiomas\/wp-json\/wp\/v2\/tags?post=17"}],"curies":[{"name":"wp","href":"https:\/\/api.w.org\/{rel}","templated":true}]}}