{"id":585,"date":"2020-05-07T15:52:33","date_gmt":"2020-05-07T20:52:33","guid":{"rendered":"https:\/\/artes.utp.edu.co\/maestria-en-educacion-bilingue\/2020\/05\/07\/vision\/"},"modified":"2022-09-23T09:44:50","modified_gmt":"2022-09-23T14:44:50","slug":"vision","status":"publish","type":"post","link":"https:\/\/artes.utp.edu.co\/maestria-en-educacion-bilingue\/sin-categoria\/vision\/","title":{"rendered":"Visi\u00f3n"},"content":{"rendered":"<div class=\"wp-block-image\">\n<figure class=\"aligncenter is-resized\"><img decoding=\"async\" src=\"https:\/\/media2.utp.edu.co\/imagenes\/image-removebg-preview%281%29.png\" alt=\"\" width=\"300\"\/><\/figure>\n<\/div>\n\n\n<p><span class=\"post-content__span\"> <span> ccontexto local, regional, nacional e internacional.<\/span>Ser un programa consolidado y reconocido a nivel regional, nacional e internacional por el impacto de sus egresados en el contexto de la educaci\u00f3n biling\u00fce del pa\u00eds y la producci\u00f3n y circulaci\u00f3n de saber pertinente en este campo. Contribuir al fortalecimiento y generaci\u00f3n de propuestas educativas biling\u00fces que puedan incidir en el contexto local, regional, nacional e internacional.<\/p>\n","protected":false},"excerpt":{"rendered":"<p>ccontexto local, regional, nacional e internacional.Ser un programa consolidado y reconocido a nivel regional, nacional e internacional por el impacto de sus egresados en el contexto de la educaci\u00f3n biling\u00fce [&#8230;]<\/p>\n","protected":false},"author":1,"featured_media":0,"comment_status":"closed","ping_status":"closed","sticky":false,"template":"","format":"standard","meta":{"footnotes":""},"categories":[1],"tags":[],"class_list":["post-585","post","type-post","status-publish","format-standard","hentry","category-sin-categoria"],"_links":{"self":[{"href":"https:\/\/artes.utp.edu.co\/maestria-en-educacion-bilingue\/wp-json\/wp\/v2\/posts\/585","targetHints":{"allow":["GET"]}}],"collection":[{"href":"https:\/\/artes.utp.edu.co\/maestria-en-educacion-bilingue\/wp-json\/wp\/v2\/posts"}],"about":[{"href":"https:\/\/artes.utp.edu.co\/maestria-en-educacion-bilingue\/wp-json\/wp\/v2\/types\/post"}],"author":[{"embeddable":true,"href":"https:\/\/artes.utp.edu.co\/maestria-en-educacion-bilingue\/wp-json\/wp\/v2\/users\/1"}],"replies":[{"embeddable":true,"href":"https:\/\/artes.utp.edu.co\/maestria-en-educacion-bilingue\/wp-json\/wp\/v2\/comments?post=585"}],"version-history":[{"count":3,"href":"https:\/\/artes.utp.edu.co\/maestria-en-educacion-bilingue\/wp-json\/wp\/v2\/posts\/585\/revisions"}],"predecessor-version":[{"id":10167,"href":"https:\/\/artes.utp.edu.co\/maestria-en-educacion-bilingue\/wp-json\/wp\/v2\/posts\/585\/revisions\/10167"}],"wp:attachment":[{"href":"https:\/\/artes.utp.edu.co\/maestria-en-educacion-bilingue\/wp-json\/wp\/v2\/media?parent=585"}],"wp:term":[{"taxonomy":"category","embeddable":true,"href":"https:\/\/artes.utp.edu.co\/maestria-en-educacion-bilingue\/wp-json\/wp\/v2\/categories?post=585"},{"taxonomy":"post_tag","embeddable":true,"href":"https:\/\/artes.utp.edu.co\/maestria-en-educacion-bilingue\/wp-json\/wp\/v2\/tags?post=585"}],"curies":[{"name":"wp","href":"https:\/\/api.w.org\/{rel}","templated":true}]}}