{"id":10415,"date":"2024-06-28T12:20:35","date_gmt":"2024-06-28T17:20:35","guid":{"rendered":"https:\/\/artes.utp.edu.co\/maestria-en-educacion-y-arte\/?p=10415"},"modified":"2024-06-28T12:20:37","modified_gmt":"2024-06-28T17:20:37","slug":"congreso-internacional-de-investigacion-en-educacion-y-arte","status":"publish","type":"post","link":"https:\/\/artes.utp.edu.co\/maestria-en-educacion-y-arte\/noticias-de-interes\/congreso-internacional-de-investigacion-en-educacion-y-arte\/","title":{"rendered":"Congreso Internacional de Investigaci\u00f3n en Educaci\u00f3n y Arte"},"content":{"rendered":"\n<p><span class=\"post-content__span\"> Nos complace invitarlos al encuentro de investigadores, educadores y artistas de todo el mundo, con el prop\u00f3sito de explorar y compartir juntos las experiencias, visiones y mediaciones que conforman did\u00e1cticas exitosas en la educaci\u00f3n por el arte; as\u00ed como una revisi\u00f3n de paradigmas contempor\u00e1neos de influencia, aplicaci\u00f3n y adaptaci\u00f3n en diversos contextos y culturas.<\/p>\n\n\n\n<p><span class=\"post-content__span\"> La invitaci\u00f3n por tanto que les extiende la Universidad Tecnol\u00f3gica de Pereira, la Maestr\u00eda en Educaci\u00f3n y Arte y el grupo de investigaci\u00f3n INDICIOS, es a potenciar el quehacer docente mediante el intercambio de conocimiento en las tres ramas esenciales del evento: Investigaci\u00f3n, Educaci\u00f3n y Arte.<\/p>\n\n\n\n<figure class=\"wp-block-image size-full\"><img loading=\"lazy\" decoding=\"async\" width=\"1920\" height=\"500\" src=\"https:\/\/media2.utp.edu.co\/programas\/18\/Congreso-Intenacional-IEA-3.jpg\" alt=\"\" class=\"wp-image-10416\" \/><\/figure>\n\n\n\n<h3 class=\"wp-block-heading\"><strong>Objetivos:<\/strong><\/h3>\n\n\n\n<ul class=\"wp-block-list\">\n<li>Analizar experiencias investigativas de Educaci\u00f3n y Arte.<\/li>\n\n\n\n<li>Desarrollar un balance de did\u00e1cticas exitosas en la ense\u00f1anza y aprendizaje del arte.<\/li>\n\n\n\n<li>Revisar paradigmas contempor\u00e1neos de educaci\u00f3n en el campo del arte que influencian las Culturas Latinoamericanas.<\/li>\n\n\n\n<li>Identificar las medicaciones tecnol\u00f3gicas en la educaci\u00f3n y el arte<\/li>\n<\/ul>\n\n\n\n<h3 class=\"wp-block-heading\"><strong>L\u00edneas de investigaci\u00f3n<\/strong><\/h3>\n\n\n\n<ol class=\"wp-block-list\">\n<li>Pedagog\u00eda y Did\u00e1ctica del Arte en el Campo Educativo<\/li>\n\n\n\n<li>Mediaciones Tecnol\u00f3gicas en la Educaci\u00f3n y el Arte<\/li>\n\n\n\n<li>Historia y Cr\u00edtica del Arte en Am\u00e9rica Latina<\/li>\n<\/ol>\n\n\n\n<h3 class=\"wp-block-heading\"><strong>Presentaci\u00f3n de ponencias<\/strong><\/h3>\n\n\n\n<p><span class=\"post-content__span\"> Del 1 de julio al 31 de agosto de 2024<\/p>\n\n\n\n<h3 class=\"wp-block-heading\"><strong>&nbsp;<\/strong><strong>Lineamientos para ponentes<\/strong><\/h3>\n\n\n\n<ul class=\"wp-block-list\">\n<li>\u00a0T\u00edtulo<\/li>\n\n\n\n<li>Objetivo<\/li>\n\n\n\n<li>Problema en t\u00e9rminos de necesidades y justificaci\u00f3n<\/li>\n\n\n\n<li>Fundamentos te\u00f3ricos<\/li>\n\n\n\n<li>M\u00e9todos<\/li>\n\n\n\n<li>An\u00e1lisis de los hallazgos<\/li>\n\n\n\n<li>Conclusiones<\/li>\n\n\n\n<li>Bibliograf\u00eda<\/li>\n\n\n\n<li>Normas APA 7a. edici\u00f3n:<\/li>\n\n\n\n<li>N\u00famero de p\u00e1ginas 15\u00a0<\/li>\n\n\n\n<li>Las ponencias seleccionadas se publican como cap\u00edtulo del Libro \u00a0de Investigaci\u00f3n en Educaci\u00f3n y Arte.<\/li>\n<\/ul>\n\n\n\n<p><span class=\"post-content__span\"> <strong>Tiempo de exposici\u00f3n de las ponencias:\u00a0\u00a0<\/strong>20 minutos , 10 minutos de preguntas<\/p>\n\n\n\n<p><span class=\"post-content__span\"> Visita el portal web para mayor informaci\u00f3n <a href=\"https:\/\/congresoeducacionyarte.utp.edu.co\/\" data-type=\"link\" data-id=\"https:\/\/congresoeducacionyarte.utp.edu.co\/\">https:\/\/congresoeducacionyarte.utp.edu.co\/<\/a><\/p>\n","protected":false},"excerpt":{"rendered":"<p>Nos complace invitarlos al encuentro de investigadores, educadores y artistas de todo el mundo, con el prop\u00f3sito de explorar y compartir juntos las experiencias, visiones y mediaciones que conforman did\u00e1cticas exitosas en la educaci\u00f3n por el arte.<\/p>\n","protected":false},"author":40,"featured_media":10417,"comment_status":"closed","ping_status":"closed","sticky":false,"template":"","format":"standard","meta":{"footnotes":""},"categories":[27],"tags":[],"class_list":["post-10415","post","type-post","status-publish","format-standard","has-post-thumbnail","hentry","category-noticias-de-interes"],"_links":{"self":[{"href":"https:\/\/artes.utp.edu.co\/maestria-en-educacion-y-arte\/wp-json\/wp\/v2\/posts\/10415","targetHints":{"allow":["GET"]}}],"collection":[{"href":"https:\/\/artes.utp.edu.co\/maestria-en-educacion-y-arte\/wp-json\/wp\/v2\/posts"}],"about":[{"href":"https:\/\/artes.utp.edu.co\/maestria-en-educacion-y-arte\/wp-json\/wp\/v2\/types\/post"}],"author":[{"embeddable":true,"href":"https:\/\/artes.utp.edu.co\/maestria-en-educacion-y-arte\/wp-json\/wp\/v2\/users\/40"}],"replies":[{"embeddable":true,"href":"https:\/\/artes.utp.edu.co\/maestria-en-educacion-y-arte\/wp-json\/wp\/v2\/comments?post=10415"}],"version-history":[{"count":1,"href":"https:\/\/artes.utp.edu.co\/maestria-en-educacion-y-arte\/wp-json\/wp\/v2\/posts\/10415\/revisions"}],"predecessor-version":[{"id":10418,"href":"https:\/\/artes.utp.edu.co\/maestria-en-educacion-y-arte\/wp-json\/wp\/v2\/posts\/10415\/revisions\/10418"}],"wp:featuredmedia":[{"embeddable":true,"href":"https:\/\/artes.utp.edu.co\/maestria-en-educacion-y-arte\/wp-json\/wp\/v2\/media\/10417"}],"wp:attachment":[{"href":"https:\/\/artes.utp.edu.co\/maestria-en-educacion-y-arte\/wp-json\/wp\/v2\/media?parent=10415"}],"wp:term":[{"taxonomy":"category","embeddable":true,"href":"https:\/\/artes.utp.edu.co\/maestria-en-educacion-y-arte\/wp-json\/wp\/v2\/categories?post=10415"},{"taxonomy":"post_tag","embeddable":true,"href":"https:\/\/artes.utp.edu.co\/maestria-en-educacion-y-arte\/wp-json\/wp\/v2\/tags?post=10415"}],"curies":[{"name":"wp","href":"https:\/\/api.w.org\/{rel}","templated":true}]}}