{"id":12,"date":"2018-06-07T15:46:27","date_gmt":"2018-06-07T20:46:27","guid":{"rendered":"https:\/\/artes.utp.edu.co\/maestria-en-educacion-y-arte\/2018\/06\/07\/historia\/"},"modified":"2024-04-09T10:51:32","modified_gmt":"2024-04-09T15:51:32","slug":"historia","status":"publish","type":"post","link":"https:\/\/artes.utp.edu.co\/maestria-en-educacion-y-arte\/sin-categoria\/historia\/","title":{"rendered":"Historia"},"content":{"rendered":"<div class=\"wp-block-image\">\n<figure class=\"aligncenter size-full is-resized\"><img loading=\"lazy\" decoding=\"async\" src=\"https:\/\/media2.utp.edu.co\/programas\/18\/BANNER-MEA5.png\" alt=\"\" class=\"wp-image-10314\" style=\"object-fit:contain;width:990px;height:141px\" width=\"990\" height=\"141\" \/><\/figure>\n<\/div>\n\n\n<p><span class=\"post-content__span\"> Programa de posgrado aprobado mediante Acuerdo No. 42 del 9 de agosto de 2017 expedida por el honorable Consejo Superior de la Universidad Tecnol\u00f3gica de Pereira<\/p>\n\n\n\n<p><span class=\"post-content__span\"> Registro Calificado por 7 a\u00f1os seg\u00fan Resoluci\u00f3n No. 29132 del 26 de diciembre de 2017<\/p>\n\n\n\n<p><span class=\"post-content__span\"> Nuestra Maestr\u00eda propone un contexto de posibilidades que potencian la formaci\u00f3n y profundizaci\u00f3n para impactar la docencia, la pedagog\u00eda, las did\u00e1cticas para el arte y su articulaci\u00f3n con las dem\u00e1s \u00e1reas del conocimiento.<\/p>\n\n\n\n<p><span class=\"post-content__span\"> Este posgrado permitir\u00e1 ampliar los beneficios de una educaci\u00f3n por el arte, con criterios y argumentos fundamentados en la investigaci\u00f3n, desde la pedagog\u00eda como herramienta esencial para el encuentro con realidades educativas, culturales y sociales.<\/p>\n","protected":false},"excerpt":{"rendered":"<p>Programa de posgrado aprobado mediante Acuerdo No. 42 del 9 de agosto de 2017 expedida por el honorable Consejo Superior de la Universidad Tecnol\u00f3gica de Pereira Registro Calificado por 7 [&#8230;]<\/p>\n","protected":false},"author":1,"featured_media":0,"comment_status":"closed","ping_status":"closed","sticky":false,"template":"","format":"standard","meta":{"footnotes":""},"categories":[1],"tags":[],"class_list":["post-12","post","type-post","status-publish","format-standard","hentry","category-sin-categoria"],"_links":{"self":[{"href":"https:\/\/artes.utp.edu.co\/maestria-en-educacion-y-arte\/wp-json\/wp\/v2\/posts\/12","targetHints":{"allow":["GET"]}}],"collection":[{"href":"https:\/\/artes.utp.edu.co\/maestria-en-educacion-y-arte\/wp-json\/wp\/v2\/posts"}],"about":[{"href":"https:\/\/artes.utp.edu.co\/maestria-en-educacion-y-arte\/wp-json\/wp\/v2\/types\/post"}],"author":[{"embeddable":true,"href":"https:\/\/artes.utp.edu.co\/maestria-en-educacion-y-arte\/wp-json\/wp\/v2\/users\/1"}],"replies":[{"embeddable":true,"href":"https:\/\/artes.utp.edu.co\/maestria-en-educacion-y-arte\/wp-json\/wp\/v2\/comments?post=12"}],"version-history":[{"count":4,"href":"https:\/\/artes.utp.edu.co\/maestria-en-educacion-y-arte\/wp-json\/wp\/v2\/posts\/12\/revisions"}],"predecessor-version":[{"id":10326,"href":"https:\/\/artes.utp.edu.co\/maestria-en-educacion-y-arte\/wp-json\/wp\/v2\/posts\/12\/revisions\/10326"}],"wp:attachment":[{"href":"https:\/\/artes.utp.edu.co\/maestria-en-educacion-y-arte\/wp-json\/wp\/v2\/media?parent=12"}],"wp:term":[{"taxonomy":"category","embeddable":true,"href":"https:\/\/artes.utp.edu.co\/maestria-en-educacion-y-arte\/wp-json\/wp\/v2\/categories?post=12"},{"taxonomy":"post_tag","embeddable":true,"href":"https:\/\/artes.utp.edu.co\/maestria-en-educacion-y-arte\/wp-json\/wp\/v2\/tags?post=12"}],"curies":[{"name":"wp","href":"https:\/\/api.w.org\/{rel}","templated":true}]}}