{"id":40,"date":"2018-06-28T16:14:41","date_gmt":"2018-06-28T21:14:41","guid":{"rendered":"https:\/\/artes.utp.edu.co\/maestria-en-estudios-culturales-y-narrativas-contemporaneas\/2018\/06\/28\/acomodacion-y-costos\/"},"modified":"2022-11-03T09:21:12","modified_gmt":"2022-11-03T14:21:12","slug":"acomodacion-y-costos","status":"publish","type":"post","link":"https:\/\/artes.utp.edu.co\/maestria-en-estudios-culturales-y-narrativas-contemporaneas\/vivir-en-pereira\/acomodacion-y-costos\/","title":{"rendered":"Acomodaci\u00f3n y costos"},"content":{"rendered":"<div class=\"wp-block-image\">\n<figure class=\"aligncenter size-large is-resized\"><img decoding=\"async\" src=\"https:\/\/media2.utp.edu.co\/programas\/3\/acomodacion-y-costos.png\" alt=\"acomodacion-y-costos\" width=\"300\" \/><\/figure>\n<\/div>\n\n\n<p><span class=\"post-content__span\"> Con el prop\u00f3sito de ofrecer una mejor estad\u00eda en la ciudad de Pereira a quienes nos visitan con fines acad\u00e9micos o administrativos, hemos habilitado el enlace de la p\u00e1gina web de <a href=\"https:\/\/risaralda.cotelco.org\/hoteles\/\" rel=\"nofollow\">COTELCO<\/a>, la Asociaci\u00f3n Hotelera y Tur\u00edstica de Colombia, Cap\u00edtulo Risaralda, en la cual podr\u00e1 encontrar algunos de los hoteles m\u00e1s representativos de la ciudad con su respectiva direcci\u00f3n y tel\u00e9fono, con el fin de proporcionarle a nuestros invitados una mejor y m\u00e1s f\u00e1cil acomodaci\u00f3n en la ciudad.<\/p>\n","protected":false},"excerpt":{"rendered":"<p>Con el prop\u00f3sito de ofrecer una mejor estad\u00eda en la ciudad de Pereira a quienes nos visitan con fines acad\u00e9micos o administrativos, hemos habilitado el enlace de la p\u00e1gina web [&#8230;]<\/p>\n","protected":false},"author":1,"featured_media":0,"comment_status":"closed","ping_status":"closed","sticky":false,"template":"","format":"standard","meta":{"footnotes":""},"categories":[43],"tags":[],"class_list":["post-40","post","type-post","status-publish","format-standard","hentry","category-vivir-en-pereira"],"_links":{"self":[{"href":"https:\/\/artes.utp.edu.co\/maestria-en-estudios-culturales-y-narrativas-contemporaneas\/wp-json\/wp\/v2\/posts\/40","targetHints":{"allow":["GET"]}}],"collection":[{"href":"https:\/\/artes.utp.edu.co\/maestria-en-estudios-culturales-y-narrativas-contemporaneas\/wp-json\/wp\/v2\/posts"}],"about":[{"href":"https:\/\/artes.utp.edu.co\/maestria-en-estudios-culturales-y-narrativas-contemporaneas\/wp-json\/wp\/v2\/types\/post"}],"author":[{"embeddable":true,"href":"https:\/\/artes.utp.edu.co\/maestria-en-estudios-culturales-y-narrativas-contemporaneas\/wp-json\/wp\/v2\/users\/1"}],"replies":[{"embeddable":true,"href":"https:\/\/artes.utp.edu.co\/maestria-en-estudios-culturales-y-narrativas-contemporaneas\/wp-json\/wp\/v2\/comments?post=40"}],"version-history":[{"count":4,"href":"https:\/\/artes.utp.edu.co\/maestria-en-estudios-culturales-y-narrativas-contemporaneas\/wp-json\/wp\/v2\/posts\/40\/revisions"}],"predecessor-version":[{"id":10212,"href":"https:\/\/artes.utp.edu.co\/maestria-en-estudios-culturales-y-narrativas-contemporaneas\/wp-json\/wp\/v2\/posts\/40\/revisions\/10212"}],"wp:attachment":[{"href":"https:\/\/artes.utp.edu.co\/maestria-en-estudios-culturales-y-narrativas-contemporaneas\/wp-json\/wp\/v2\/media?parent=40"}],"wp:term":[{"taxonomy":"category","embeddable":true,"href":"https:\/\/artes.utp.edu.co\/maestria-en-estudios-culturales-y-narrativas-contemporaneas\/wp-json\/wp\/v2\/categories?post=40"},{"taxonomy":"post_tag","embeddable":true,"href":"https:\/\/artes.utp.edu.co\/maestria-en-estudios-culturales-y-narrativas-contemporaneas\/wp-json\/wp\/v2\/tags?post=40"}],"curies":[{"name":"wp","href":"https:\/\/api.w.org\/{rel}","templated":true}]}}