{"id":16,"date":"2018-05-10T10:43:43","date_gmt":"2018-05-10T15:43:43","guid":{"rendered":"https:\/\/artes.utp.edu.co\/maestria-en-filosofia\/resultados-de-aprendizaje\/"},"modified":"2023-07-11T10:34:30","modified_gmt":"2023-07-11T15:34:30","slug":"resultados-de-aprendizaje","status":"publish","type":"post","link":"https:\/\/artes.utp.edu.co\/maestria-en-filosofia\/sin-categoria\/resultados-de-aprendizaje\/","title":{"rendered":"Resultados de Aprendizaje"},"content":{"rendered":"\n<ul class=\"wp-block-list\">\n<li>El egresado tendr\u00e1 la competencia de realizar argumentaciones orales y escritas en torno a problemas y tem\u00e1ticas: educativas, jur\u00eddicas, \u00e9ticas, morales.<\/li>\n\n\n\n<li>El egresado tendr\u00e1 la competencia de crear, dirigir y formular objetivos para el mejoramiento de instituciones pol\u00edticas, educativas, p\u00fablicas y culturales. <\/li>\n\n\n\n<li>El mag\u00edster en filosof\u00eda de la Universidad Tecnol\u00f3gica de Pereira, podr\u00e1 cumplir funciones de docencia e investigaci\u00f3n en el \u00e1rea de las ciencias sociales y humanas, y espec\u00edficamente en lo correspondiente a la filosof\u00eda moral y pol\u00edtica. En ese sentido, el programa de maestr\u00eda dota de competencias argumentativas que posibiliten elaborar principios de manera razonable para lograr lo conveniente y adecuado de instituciones p\u00fablicas y privadas. <\/li>\n<\/ul>\n\n\n\n<h3 class=\"wp-block-heading\"><strong>Expectativas ocupacionales del egresado:&nbsp;<\/strong><\/h3>\n\n\n\n<p><span class=\"post-content__span\"> El estudiante egresado tendr\u00e1 toda la formaci\u00f3n y competencias para desempe\u00f1arse como:<\/p>\n\n\n\n<ul class=\"wp-block-list\">\n<li>Docente universitario y de ense\u00f1anza media<\/li>\n\n\n\n<li>Investigador en ciencias sociales y humanas<\/li>\n\n\n\n<li>Elaboraci\u00f3n de proyectos acad\u00e9micos en ciencias sociales y humanas<\/li>\n<\/ul>\n","protected":false},"excerpt":{"rendered":"<p>Expectativas ocupacionales del egresado:&nbsp; El estudiante egresado tendr\u00e1 toda la formaci\u00f3n y competencias para desempe\u00f1arse como:<\/p>\n","protected":false},"author":1,"featured_media":0,"comment_status":"closed","ping_status":"closed","sticky":false,"template":"","format":"standard","meta":{"footnotes":""},"categories":[1],"tags":[],"class_list":["post-16","post","type-post","status-publish","format-standard","hentry","category-sin-categoria"],"_links":{"self":[{"href":"https:\/\/artes.utp.edu.co\/maestria-en-filosofia\/wp-json\/wp\/v2\/posts\/16","targetHints":{"allow":["GET"]}}],"collection":[{"href":"https:\/\/artes.utp.edu.co\/maestria-en-filosofia\/wp-json\/wp\/v2\/posts"}],"about":[{"href":"https:\/\/artes.utp.edu.co\/maestria-en-filosofia\/wp-json\/wp\/v2\/types\/post"}],"author":[{"embeddable":true,"href":"https:\/\/artes.utp.edu.co\/maestria-en-filosofia\/wp-json\/wp\/v2\/users\/1"}],"replies":[{"embeddable":true,"href":"https:\/\/artes.utp.edu.co\/maestria-en-filosofia\/wp-json\/wp\/v2\/comments?post=16"}],"version-history":[{"count":3,"href":"https:\/\/artes.utp.edu.co\/maestria-en-filosofia\/wp-json\/wp\/v2\/posts\/16\/revisions"}],"predecessor-version":[{"id":10284,"href":"https:\/\/artes.utp.edu.co\/maestria-en-filosofia\/wp-json\/wp\/v2\/posts\/16\/revisions\/10284"}],"wp:attachment":[{"href":"https:\/\/artes.utp.edu.co\/maestria-en-filosofia\/wp-json\/wp\/v2\/media?parent=16"}],"wp:term":[{"taxonomy":"category","embeddable":true,"href":"https:\/\/artes.utp.edu.co\/maestria-en-filosofia\/wp-json\/wp\/v2\/categories?post=16"},{"taxonomy":"post_tag","embeddable":true,"href":"https:\/\/artes.utp.edu.co\/maestria-en-filosofia\/wp-json\/wp\/v2\/tags?post=16"}],"curies":[{"name":"wp","href":"https:\/\/api.w.org\/{rel}","templated":true}]}}