{"id":25,"date":"2018-05-10T14:47:46","date_gmt":"2018-05-10T19:47:46","guid":{"rendered":"https:\/\/artes.utp.edu.co\/maestria-en-filosofia\/estructura-curricular\/"},"modified":"2022-09-09T11:26:11","modified_gmt":"2022-09-09T16:26:11","slug":"estructura-curricular","status":"publish","type":"post","link":"https:\/\/artes.utp.edu.co\/maestria-en-filosofia\/sin-categoria\/estructura-curricular\/","title":{"rendered":"Estructura Curricular"},"content":{"rendered":"<div class=\"wp-block-image\">\n<figure class=\"aligncenter size-large is-resized\"><img decoding=\"async\" src=\"https:\/\/media2.utp.edu.co\/programas\/3\/estructura-curricular.png\" alt=\"estructura-curricular\" width=\"300\"\/><\/figure>\n<\/div>\n\n\n<figure class=\"wp-block-table table is-style-stripes\"><table><thead><tr><th><strong>Primer semestre<\/strong><\/th><th><strong>Segundo semestre<\/strong><\/th><th><strong>Tercer semestre<\/strong><\/th><th><strong>Cuarto semestre<\/strong><\/th><\/tr><\/thead><tbody><tr><td><strong>Seminario de fundamentaci\u00f3n I: <\/strong>Filosof\u00eda pol\u00edtica y argumentaci\u00f3n antiguas greco-romana.<br><br><strong>Seminario de contexto I: <\/strong>Filosof\u00eda del derecho (en este seminario los estudiantes podr\u00e1n interactuar con figuras de la pol\u00edtica y acad\u00e9micos del \u00e1rea de filosof\u00eda pol\u00edtica y argumentaci\u00f3n antiguas. <br><br><strong>Seminario de Investigaci\u00f3n I:<\/strong> Al estudiante se le ofrece un curso de comprensi\u00f3n lectora del ingl\u00e9s que le permita estudiar textos en dicho idioma.<\/td><td><strong>Seminario de fundamentaci\u00f3n II: <\/strong>Filosof\u00eda pol\u00edtica y argumentaci\u00f3n de la modernidad.<br><br><strong>Seminario de contexto II: <\/strong>Filosof\u00eda y argumentaci\u00f3n desde la modernidad (este seminario se centrar\u00e1 en el estudio de los fundadores del liberalismo y el comunitarismo) <br><br><strong>Seminario de investigaci\u00f3n II: <\/strong>El estudiante comienza la elaboraci\u00f3n de su anteproyecto de grado bajo la asesor\u00eda de un profesor, con el fin que el estudiante realice su trabajo de grado m\u00e1s adecuadamente.<\/td><td><strong>Seminario de fundamentaci\u00f3n III: <\/strong>Filosof\u00eda y argumentaci\u00f3n contempor\u00e1neas. <br><br><strong>Seminario de contexto III: <\/strong>Filosof\u00eda y argumentaci\u00f3n contempor\u00e1neas (este seminario se desarrollar\u00e1 a partir de las teor\u00edas de la justicia y la acci\u00f3n comunicativa) <br><br><strong>Seminario de investigaci\u00f3n III: <\/strong>El estudiante continuar\u00e1 con la labor del anteproyecto y en este seminario entregar\u00e1 su resultado final.<\/td><td><strong>Seminario de fundamentaci\u00f3n IV: <\/strong>Ser\u00e1 un seminario cr\u00edtico en torno a todas las teor\u00edas vistas y las posibilidades actuales en el mundo de la pol\u00edtica y la argumentaci\u00f3n. <br><br><strong>Tesis: <\/strong>el estudiante a partir de un seminario de investigaci\u00f3n dentro del aula realizar\u00e1 el primer producto de su trabajo de grado, esto es, un<\/td><\/tr><\/tbody><\/table><\/figure>\n","protected":false},"excerpt":{"rendered":"<p>Primer semestre Segundo semestre Tercer semestre Cuarto semestre Seminario de fundamentaci\u00f3n I: Filosof\u00eda pol\u00edtica y argumentaci\u00f3n antiguas greco-romana. Seminario de contexto I: Filosof\u00eda del derecho (en este seminario los estudiantes [&#8230;]<\/p>\n","protected":false},"author":1,"featured_media":0,"comment_status":"closed","ping_status":"closed","sticky":false,"template":"","format":"standard","meta":{"footnotes":""},"categories":[1],"tags":[],"class_list":["post-25","post","type-post","status-publish","format-standard","hentry","category-sin-categoria"],"_links":{"self":[{"href":"https:\/\/artes.utp.edu.co\/maestria-en-filosofia\/wp-json\/wp\/v2\/posts\/25","targetHints":{"allow":["GET"]}}],"collection":[{"href":"https:\/\/artes.utp.edu.co\/maestria-en-filosofia\/wp-json\/wp\/v2\/posts"}],"about":[{"href":"https:\/\/artes.utp.edu.co\/maestria-en-filosofia\/wp-json\/wp\/v2\/types\/post"}],"author":[{"embeddable":true,"href":"https:\/\/artes.utp.edu.co\/maestria-en-filosofia\/wp-json\/wp\/v2\/users\/1"}],"replies":[{"embeddable":true,"href":"https:\/\/artes.utp.edu.co\/maestria-en-filosofia\/wp-json\/wp\/v2\/comments?post=25"}],"version-history":[{"count":5,"href":"https:\/\/artes.utp.edu.co\/maestria-en-filosofia\/wp-json\/wp\/v2\/posts\/25\/revisions"}],"predecessor-version":[{"id":10167,"href":"https:\/\/artes.utp.edu.co\/maestria-en-filosofia\/wp-json\/wp\/v2\/posts\/25\/revisions\/10167"}],"wp:attachment":[{"href":"https:\/\/artes.utp.edu.co\/maestria-en-filosofia\/wp-json\/wp\/v2\/media?parent=25"}],"wp:term":[{"taxonomy":"category","embeddable":true,"href":"https:\/\/artes.utp.edu.co\/maestria-en-filosofia\/wp-json\/wp\/v2\/categories?post=25"},{"taxonomy":"post_tag","embeddable":true,"href":"https:\/\/artes.utp.edu.co\/maestria-en-filosofia\/wp-json\/wp\/v2\/tags?post=25"}],"curies":[{"name":"wp","href":"https:\/\/api.w.org\/{rel}","templated":true}]}}