{"id":9,"date":"2010-06-13T10:20:23","date_gmt":"2010-06-13T15:20:23","guid":{"rendered":"https:\/\/artes.utp.edu.co\/maestria-en-literatura\/2010\/06\/13\/planta\/"},"modified":"2022-09-09T12:02:10","modified_gmt":"2022-09-09T17:02:10","slug":"planta","status":"publish","type":"post","link":"https:\/\/artes.utp.edu.co\/maestria-en-literatura\/sin-categoria\/planta\/","title":{"rendered":"Planta"},"content":{"rendered":"\n<figure class=\"wp-block-table table is-style-stripes\"><table><thead><tr><th><strong>DOCENTES<\/strong><\/th><th><strong>DEDICACI\u00d3N<\/strong><\/th><th><strong>DESCRIPCI\u00d3N<\/strong><\/th><\/tr><\/thead><tbody><tr><td>C\u00e9sar Valencia Solanilla<\/td><td>Titular<\/td><td>Doctor en literatura de la Universidad de La Sorbona, Par\u00eds, Francia. Director de la Maestr\u00eda<br>\n\t\t\t<a href=\"http:\/\/scienti.colciencias.gov.co:8081\/cvlac\/visualizador\/generarCurriculoCv.do?cod_rh=0001083430\" rel=\"nofollow\">CVLAC<\/a><\/td><\/tr><tr><td>Juli\u00e1n Serna Arango<\/td><td>Titular<\/td><td>Doctor en filosof\u00eda de la Universidad Javeriana de Bogot\u00e1, Colombia<\/td><\/tr><tr><td>Mar\u00eda Liliana Herrera Alzate<\/td><td>Titular<\/td><td>Doctora en filosof\u00eda de la Universidad Javeriana de Bogot\u00e1, Colombia<\/td><\/tr><tr><td>Rigoberto Gil Montoya<\/td><td>Titular<\/td><td>Doctor en literatura de la Universidad Nacional Aut\u00f3noma de M\u00e9xico, M\u00e9xico, D.F.<\/td><\/tr><tr><td>Carlos Eduardo Pel\u00e1ez<\/td><td>Titular<\/td><td>Doctor en Filosof\u00eda Cl\u00e1sica en la Universidad Pontificia Bolivariana de Medell\u00edn, Colombia<\/td><\/tr><tr><td>Arbey Atehort\u00faa Atehort\u00faa<\/td><td>Titular<\/td><td>Doctor en Literatura en la UNED de Espa\u00f1a<\/td><\/tr><tr><td>Juli\u00e1n Alberto Giraldo Naranjo<\/td><td>Titular<\/td><td>Magister en Literatura de la Universidad Tecnol\u00f3gica de Pereira, Colombia<br>\n\t\t\tCandidato a Doctor en Literatura de la Universidad Tecol\u00f3gica de Pereira, Colombia<\/td><\/tr><tr><td>Alfredo Andr\u00e9s Abad Torres<\/td><td>Titular<\/td><td>Doctor en Filosof\u00eda de la Universidad de Antioquia, Colombia<\/td><\/tr><\/tbody><\/table><\/figure>\n","protected":false},"excerpt":{"rendered":"<p>DOCENTES DEDICACI\u00d3N DESCRIPCI\u00d3N C\u00e9sar Valencia Solanilla Titular Doctor en literatura de la Universidad de La Sorbona, Par\u00eds, Francia. Director de la Maestr\u00eda CVLAC Juli\u00e1n Serna Arango Titular Doctor en filosof\u00eda [&#8230;]<\/p>\n","protected":false},"author":1,"featured_media":10004,"comment_status":"closed","ping_status":"closed","sticky":false,"template":"","format":"standard","meta":{"footnotes":""},"categories":[1],"tags":[],"class_list":["post-9","post","type-post","status-publish","format-standard","has-post-thumbnail","hentry","category-sin-categoria"],"_links":{"self":[{"href":"https:\/\/artes.utp.edu.co\/maestria-en-literatura\/wp-json\/wp\/v2\/posts\/9","targetHints":{"allow":["GET"]}}],"collection":[{"href":"https:\/\/artes.utp.edu.co\/maestria-en-literatura\/wp-json\/wp\/v2\/posts"}],"about":[{"href":"https:\/\/artes.utp.edu.co\/maestria-en-literatura\/wp-json\/wp\/v2\/types\/post"}],"author":[{"embeddable":true,"href":"https:\/\/artes.utp.edu.co\/maestria-en-literatura\/wp-json\/wp\/v2\/users\/1"}],"replies":[{"embeddable":true,"href":"https:\/\/artes.utp.edu.co\/maestria-en-literatura\/wp-json\/wp\/v2\/comments?post=9"}],"version-history":[{"count":2,"href":"https:\/\/artes.utp.edu.co\/maestria-en-literatura\/wp-json\/wp\/v2\/posts\/9\/revisions"}],"predecessor-version":[{"id":10168,"href":"https:\/\/artes.utp.edu.co\/maestria-en-literatura\/wp-json\/wp\/v2\/posts\/9\/revisions\/10168"}],"wp:featuredmedia":[{"embeddable":true,"href":"https:\/\/artes.utp.edu.co\/maestria-en-literatura\/wp-json\/wp\/v2\/media\/10004"}],"wp:attachment":[{"href":"https:\/\/artes.utp.edu.co\/maestria-en-literatura\/wp-json\/wp\/v2\/media?parent=9"}],"wp:term":[{"taxonomy":"category","embeddable":true,"href":"https:\/\/artes.utp.edu.co\/maestria-en-literatura\/wp-json\/wp\/v2\/categories?post=9"},{"taxonomy":"post_tag","embeddable":true,"href":"https:\/\/artes.utp.edu.co\/maestria-en-literatura\/wp-json\/wp\/v2\/tags?post=9"}],"curies":[{"name":"wp","href":"https:\/\/api.w.org\/{rel}","templated":true}]}}