{"id":10,"date":"2018-04-23T16:00:13","date_gmt":"2018-04-23T21:00:13","guid":{"rendered":"https:\/\/artes.utp.edu.co\/maestria-estetica-y-creacion\/2018\/04\/23\/resultados-de-aprendizaje\/"},"modified":"2022-07-26T16:24:45","modified_gmt":"2022-07-26T21:24:45","slug":"resultados-de-aprendizaje","status":"publish","type":"post","link":"https:\/\/artes.utp.edu.co\/maestria-estetica-y-creacion\/sin-categoria\/resultados-de-aprendizaje\/","title":{"rendered":"Resultados de Aprendizaje"},"content":{"rendered":"\n<p><span class=\"post-content__span\"> El egresado de la Maestr\u00eda en Est\u00e9tica y Creaci\u00f3n estar\u00e1\u0301 en capacidad de:<\/p>\n\n\n\n<ul class=\"wp-block-list\"><li>Desarrollar procesos de investigacio\u0301n-creacio\u0301n conducentes a la producci\u00f3n de sentido, a trav\u00e9s de las pr\u00e1cticas este\u0301ticas o arti\u0301sticas o a la profundizaci\u00f3n, en forma sistem\u00e1tica y metodol\u00f3gica, de los fen\u00f3menos est\u00e9ticos.<\/li><li>Desempe\u00f1ar actividades de docencia, planificaci\u00f3n, investigaci\u00f3n, gesti\u00f3n cultural, producci\u00f3n y circulaci\u00f3n de obra.<\/li><li>Interactuar en campos interdisciplinarios con profesionales e investigadores de las artes y las humanidades.<\/li><li>Valorar, interpretar y resignificar las pr\u00e1cticas este\u0301tico-arti\u0301sticas contempor\u00e1neas, a partir de sus contextos productivos, hist\u00f3ricos y espacio-temporales.<\/li><li>Formular, agenciar, coordinar y\/o asesorar programas de formaci\u00f3n especializada en campos de la est\u00e9tica y las artes.<\/li><li>Desplegar discursivamente los fundamentos filos\u00f3ficos, est\u00e9ticos y semi\u00f3ticos del arte y la est\u00e9tica contempor\u00e1nea.<\/li><\/ul>\n","protected":false},"excerpt":{"rendered":"<p>El egresado de la Maestr\u00eda en Est\u00e9tica y Creaci\u00f3n estar\u00e1\u0301 en capacidad de: Desarrollar procesos de investigacio\u0301n-creacio\u0301n conducentes a la producci\u00f3n de sentido, a trav\u00e9s de las pr\u00e1cticas este\u0301ticas o [&#8230;]<\/p>\n","protected":false},"author":1,"featured_media":0,"comment_status":"closed","ping_status":"closed","sticky":false,"template":"","format":"standard","meta":{"footnotes":""},"categories":[1],"tags":[],"class_list":["post-10","post","type-post","status-publish","format-standard","hentry","category-sin-categoria"],"_links":{"self":[{"href":"https:\/\/artes.utp.edu.co\/maestria-estetica-y-creacion\/wp-json\/wp\/v2\/posts\/10","targetHints":{"allow":["GET"]}}],"collection":[{"href":"https:\/\/artes.utp.edu.co\/maestria-estetica-y-creacion\/wp-json\/wp\/v2\/posts"}],"about":[{"href":"https:\/\/artes.utp.edu.co\/maestria-estetica-y-creacion\/wp-json\/wp\/v2\/types\/post"}],"author":[{"embeddable":true,"href":"https:\/\/artes.utp.edu.co\/maestria-estetica-y-creacion\/wp-json\/wp\/v2\/users\/1"}],"replies":[{"embeddable":true,"href":"https:\/\/artes.utp.edu.co\/maestria-estetica-y-creacion\/wp-json\/wp\/v2\/comments?post=10"}],"version-history":[{"count":1,"href":"https:\/\/artes.utp.edu.co\/maestria-estetica-y-creacion\/wp-json\/wp\/v2\/posts\/10\/revisions"}],"predecessor-version":[{"id":10116,"href":"https:\/\/artes.utp.edu.co\/maestria-estetica-y-creacion\/wp-json\/wp\/v2\/posts\/10\/revisions\/10116"}],"wp:attachment":[{"href":"https:\/\/artes.utp.edu.co\/maestria-estetica-y-creacion\/wp-json\/wp\/v2\/media?parent=10"}],"wp:term":[{"taxonomy":"category","embeddable":true,"href":"https:\/\/artes.utp.edu.co\/maestria-estetica-y-creacion\/wp-json\/wp\/v2\/categories?post=10"},{"taxonomy":"post_tag","embeddable":true,"href":"https:\/\/artes.utp.edu.co\/maestria-estetica-y-creacion\/wp-json\/wp\/v2\/tags?post=10"}],"curies":[{"name":"wp","href":"https:\/\/api.w.org\/{rel}","templated":true}]}}