{"id":13,"date":"2018-04-23T16:01:49","date_gmt":"2018-04-23T21:01:49","guid":{"rendered":"https:\/\/artes.utp.edu.co\/maestria-estetica-y-creacion\/2018\/04\/23\/horario-duracion-e-intensidad\/"},"modified":"2022-09-09T10:43:09","modified_gmt":"2022-09-09T15:43:09","slug":"horario-duracion-e-intensidad","status":"publish","type":"post","link":"https:\/\/artes.utp.edu.co\/maestria-estetica-y-creacion\/sin-categoria\/horario-duracion-e-intensidad\/","title":{"rendered":"Horario Duraci\u00f3n e Intensidad"},"content":{"rendered":"<div class=\"wp-block-image\">\n<figure class=\"aligncenter is-resized\"><img decoding=\"async\" src=\"https:\/\/media2.utp.edu.co\/programas\/21\/horario-duracion-e-intensidad.png\" alt=\"calendario\" width=\"300\"\/><\/figure>\n<\/div>\n\n\n<p><span class=\"post-content__span\"> El programa tiene una duraci\u00f3n de dos a\u00f1os. Los seminarios son presenciales y est\u00e1n programados para ser cursados:<\/p>\n\n\n\n<p><span class=\"post-content__span\"> Viernes de 4:00 a 9:00 pm.<\/p>\n\n\n\n<p><span class=\"post-content__span\"> S\u00e1bados de 8:00 am. a 2:00 pm.<\/p>\n\n\n\n<p><span class=\"post-content__span\"> Los estudiantes tienen acompa\u00f1amiento de un tutor desde el primer semestre y del director de tesis desde el segundo semestre, raz\u00f3n por la cual los avances en el trabajo de grado son progresivos y se concretan durante los dos a\u00f1os de escolaridad.<\/p>\n","protected":false},"excerpt":{"rendered":"<p>El programa tiene una duraci\u00f3n de dos a\u00f1os. Los seminarios son presenciales y est\u00e1n programados para ser cursados: Viernes de 4:00 a 9:00 pm. S\u00e1bados de 8:00 am. a 2:00 [&#8230;]<\/p>\n","protected":false},"author":1,"featured_media":0,"comment_status":"closed","ping_status":"closed","sticky":false,"template":"","format":"standard","meta":{"footnotes":""},"categories":[1],"tags":[],"class_list":["post-13","post","type-post","status-publish","format-standard","hentry","category-sin-categoria"],"_links":{"self":[{"href":"https:\/\/artes.utp.edu.co\/maestria-estetica-y-creacion\/wp-json\/wp\/v2\/posts\/13","targetHints":{"allow":["GET"]}}],"collection":[{"href":"https:\/\/artes.utp.edu.co\/maestria-estetica-y-creacion\/wp-json\/wp\/v2\/posts"}],"about":[{"href":"https:\/\/artes.utp.edu.co\/maestria-estetica-y-creacion\/wp-json\/wp\/v2\/types\/post"}],"author":[{"embeddable":true,"href":"https:\/\/artes.utp.edu.co\/maestria-estetica-y-creacion\/wp-json\/wp\/v2\/users\/1"}],"replies":[{"embeddable":true,"href":"https:\/\/artes.utp.edu.co\/maestria-estetica-y-creacion\/wp-json\/wp\/v2\/comments?post=13"}],"version-history":[{"count":2,"href":"https:\/\/artes.utp.edu.co\/maestria-estetica-y-creacion\/wp-json\/wp\/v2\/posts\/13\/revisions"}],"predecessor-version":[{"id":10175,"href":"https:\/\/artes.utp.edu.co\/maestria-estetica-y-creacion\/wp-json\/wp\/v2\/posts\/13\/revisions\/10175"}],"wp:attachment":[{"href":"https:\/\/artes.utp.edu.co\/maestria-estetica-y-creacion\/wp-json\/wp\/v2\/media?parent=13"}],"wp:term":[{"taxonomy":"category","embeddable":true,"href":"https:\/\/artes.utp.edu.co\/maestria-estetica-y-creacion\/wp-json\/wp\/v2\/categories?post=13"},{"taxonomy":"post_tag","embeddable":true,"href":"https:\/\/artes.utp.edu.co\/maestria-estetica-y-creacion\/wp-json\/wp\/v2\/tags?post=13"}],"curies":[{"name":"wp","href":"https:\/\/api.w.org\/{rel}","templated":true}]}}