{"id":21,"date":"2018-04-23T17:44:14","date_gmt":"2018-04-23T22:44:14","guid":{"rendered":"https:\/\/artes.utp.edu.co\/maestria-estetica-y-creacion\/2018\/04\/23\/contenidos-tematicos\/"},"modified":"2022-07-26T16:22:21","modified_gmt":"2022-07-26T21:22:21","slug":"contenidos-tematicos","status":"publish","type":"post","link":"https:\/\/artes.utp.edu.co\/maestria-estetica-y-creacion\/sin-categoria\/contenidos-tematicos\/","title":{"rendered":"Contenidos Tem\u00e1ticos"},"content":{"rendered":"\n<p><span class=\"post-content__span\"> Por tratarse de una Maestr\u00eda en investigaci\u00f3n, el \u00e9nfasis recae en la generaci\u00f3n de conocimiento en la perspectiva transdisciplinar, propia de los programas de formaci\u00f3n en humanidades. Los seminarios y seminarios-taller propuestos desarrollan los componentes de formaci\u00f3n te\u00f3rica e investigativa disciplinar en tres niveles:<\/p>\n\n\n\n<ul class=\"wp-block-list\"><li>Seminarios de Fundamentaci\u00f3n:<\/li><li>Seminario I, Seminario II, Seminario II<\/li><li>Seminarios de Proyecci\u00f3n:<\/li><li>Seminario taller de investigaci\u00f3n-creaci\u00f3n (fundamentaci\u00f3n, proposici\u00f3n, concreci\u00f3n).<\/li><li>Seminarios electivos I, II y III.<\/li><li>Trabajo de grado<\/li><li>Seminarios de Contextualizaci\u00f3n:<\/li><li>Seminarios de pensamiento est\u00e9tico I y II<\/li><\/ul>\n\n\n\n<p><span class=\"post-content__span\"> Los tres niveles planeados \u2013fundamentaci\u00f3n, proyecci\u00f3n y contextualizaci\u00f3n\u2013 buscan fundamentar el campo disciplinar, propiciar su problematizaci\u00f3n y contribuir a su proyecci\u00f3n, de acuerdo con las l\u00edneas de investigaci\u00f3n propuestas para la cohorte, concretando la fase con la formulaci\u00f3n y desarrollo de proyectos de investigaci\u00f3n en los que se vinculen, tanto la dimensi\u00f3n te\u00f3rica, como la producci\u00f3n creaci\u00f3n de obra.<\/p>\n","protected":false},"excerpt":{"rendered":"<p>Por tratarse de una Maestr\u00eda en investigaci\u00f3n, el \u00e9nfasis recae en la generaci\u00f3n de conocimiento en la perspectiva transdisciplinar, propia de los programas de formaci\u00f3n en humanidades. Los seminarios y [&#8230;]<\/p>\n","protected":false},"author":1,"featured_media":0,"comment_status":"closed","ping_status":"closed","sticky":false,"template":"","format":"standard","meta":{"footnotes":""},"categories":[1],"tags":[],"class_list":["post-21","post","type-post","status-publish","format-standard","hentry","category-sin-categoria"],"_links":{"self":[{"href":"https:\/\/artes.utp.edu.co\/maestria-estetica-y-creacion\/wp-json\/wp\/v2\/posts\/21","targetHints":{"allow":["GET"]}}],"collection":[{"href":"https:\/\/artes.utp.edu.co\/maestria-estetica-y-creacion\/wp-json\/wp\/v2\/posts"}],"about":[{"href":"https:\/\/artes.utp.edu.co\/maestria-estetica-y-creacion\/wp-json\/wp\/v2\/types\/post"}],"author":[{"embeddable":true,"href":"https:\/\/artes.utp.edu.co\/maestria-estetica-y-creacion\/wp-json\/wp\/v2\/users\/1"}],"replies":[{"embeddable":true,"href":"https:\/\/artes.utp.edu.co\/maestria-estetica-y-creacion\/wp-json\/wp\/v2\/comments?post=21"}],"version-history":[{"count":1,"href":"https:\/\/artes.utp.edu.co\/maestria-estetica-y-creacion\/wp-json\/wp\/v2\/posts\/21\/revisions"}],"predecessor-version":[{"id":10105,"href":"https:\/\/artes.utp.edu.co\/maestria-estetica-y-creacion\/wp-json\/wp\/v2\/posts\/21\/revisions\/10105"}],"wp:attachment":[{"href":"https:\/\/artes.utp.edu.co\/maestria-estetica-y-creacion\/wp-json\/wp\/v2\/media?parent=21"}],"wp:term":[{"taxonomy":"category","embeddable":true,"href":"https:\/\/artes.utp.edu.co\/maestria-estetica-y-creacion\/wp-json\/wp\/v2\/categories?post=21"},{"taxonomy":"post_tag","embeddable":true,"href":"https:\/\/artes.utp.edu.co\/maestria-estetica-y-creacion\/wp-json\/wp\/v2\/tags?post=21"}],"curies":[{"name":"wp","href":"https:\/\/api.w.org\/{rel}","templated":true}]}}