{"id":37,"date":"2018-06-21T14:24:11","date_gmt":"2018-06-21T19:24:11","guid":{"rendered":"https:\/\/artes.utp.edu.co\/maestria-estetica-y-creacion\/2018\/06\/21\/acerca-de-la-mec\/"},"modified":"2022-09-09T10:33:18","modified_gmt":"2022-09-09T15:33:18","slug":"acerca-de-la-mec","status":"publish","type":"post","link":"https:\/\/artes.utp.edu.co\/maestria-estetica-y-creacion\/sin-categoria\/acerca-de-la-mec\/","title":{"rendered":"Acerca de la MEC"},"content":{"rendered":"\n<p><span class=\"post-content__span\"> Maestr\u00eda en Est\u00e9tica y Creaci\u00f3n<\/p>\n\n\n\n<p><span class=\"post-content__span\"> &nbsp;<\/p>\n\n\n\n<p><span class=\"post-content__span\"> DOMINIO EST\u00c9TICO<\/p>\n\n\n\n<figure class=\"wp-block-image\"><img decoding=\"async\" src=\"https:\/\/media2.utp.edu.co\/programas\/21\/dominio.jpg\" alt=\"\"\/><\/figure>\n\n\n\n<p><span class=\"post-content__span\"> La Maestr\u00eda en Est\u00e9tica y Creaci\u00f3n fundamenta su desarrollo en el marco de expansi\u00f3n de&nbsp;las est\u00e9ticas, en di\u00e1logo con las diferentes tendencias de la historia del arte, los estudios de la cultura, la cr\u00edtica y la ampliaci\u00f3n del campo del arte al mundo de la cultura y la sociedad.<\/p>\n\n\n\n<p><span class=\"post-content__span\"> Las dimensiones a explorar desde esta perspectiva, como escenarios en los cuales desarrollar investigaci\u00f3n-creaci\u00f3n son: El plano de la obra propiamente dicha, el plano de lo editorial-curatorial y el plano de las posproducciones culturales de los p\u00fablicos.<\/p>\n\n\n\n<p><span class=\"post-content__span\"> Organizaci\u00f3n de los contenidos<\/p>\n\n\n\n<p><span class=\"post-content__span\"> Estructura<\/p>\n\n\n\n<figure class=\"wp-block-image\"><img decoding=\"async\" src=\"https:\/\/media2.utp.edu.co\/programas\/21\/estructura_%281%29.jpg\" alt=\"\"\/><\/figure>\n","protected":false},"excerpt":{"rendered":"<p>Maestr\u00eda en Est\u00e9tica y Creaci\u00f3n &nbsp; DOMINIO EST\u00c9TICO La Maestr\u00eda en Est\u00e9tica y Creaci\u00f3n fundamenta su desarrollo en el marco de expansi\u00f3n de&nbsp;las est\u00e9ticas, en di\u00e1logo con las diferentes tendencias [&#8230;]<\/p>\n","protected":false},"author":1,"featured_media":0,"comment_status":"closed","ping_status":"closed","sticky":false,"template":"","format":"standard","meta":{"footnotes":""},"categories":[1],"tags":[],"class_list":["post-37","post","type-post","status-publish","format-standard","hentry","category-sin-categoria"],"_links":{"self":[{"href":"https:\/\/artes.utp.edu.co\/maestria-estetica-y-creacion\/wp-json\/wp\/v2\/posts\/37","targetHints":{"allow":["GET"]}}],"collection":[{"href":"https:\/\/artes.utp.edu.co\/maestria-estetica-y-creacion\/wp-json\/wp\/v2\/posts"}],"about":[{"href":"https:\/\/artes.utp.edu.co\/maestria-estetica-y-creacion\/wp-json\/wp\/v2\/types\/post"}],"author":[{"embeddable":true,"href":"https:\/\/artes.utp.edu.co\/maestria-estetica-y-creacion\/wp-json\/wp\/v2\/users\/1"}],"replies":[{"embeddable":true,"href":"https:\/\/artes.utp.edu.co\/maestria-estetica-y-creacion\/wp-json\/wp\/v2\/comments?post=37"}],"version-history":[{"count":3,"href":"https:\/\/artes.utp.edu.co\/maestria-estetica-y-creacion\/wp-json\/wp\/v2\/posts\/37\/revisions"}],"predecessor-version":[{"id":10150,"href":"https:\/\/artes.utp.edu.co\/maestria-estetica-y-creacion\/wp-json\/wp\/v2\/posts\/37\/revisions\/10150"}],"wp:attachment":[{"href":"https:\/\/artes.utp.edu.co\/maestria-estetica-y-creacion\/wp-json\/wp\/v2\/media?parent=37"}],"wp:term":[{"taxonomy":"category","embeddable":true,"href":"https:\/\/artes.utp.edu.co\/maestria-estetica-y-creacion\/wp-json\/wp\/v2\/categories?post=37"},{"taxonomy":"post_tag","embeddable":true,"href":"https:\/\/artes.utp.edu.co\/maestria-estetica-y-creacion\/wp-json\/wp\/v2\/tags?post=37"}],"curies":[{"name":"wp","href":"https:\/\/api.w.org\/{rel}","templated":true}]}}