{"id":39,"date":"2018-06-21T14:29:08","date_gmt":"2018-06-21T19:29:08","guid":{"rendered":"https:\/\/artes.utp.edu.co\/maestria-estetica-y-creacion\/2018\/06\/21\/investigacion-creacion\/"},"modified":"2022-09-09T10:32:12","modified_gmt":"2022-09-09T15:32:12","slug":"investigacion-creacion","status":"publish","type":"post","link":"https:\/\/artes.utp.edu.co\/maestria-estetica-y-creacion\/sin-categoria\/investigacion-creacion\/","title":{"rendered":"Investigaci\u00f3n-creaci\u00f3n"},"content":{"rendered":"\n<p><span class=\"post-content__span\"> <strong>Lineas de investigaci\u00f3n<\/strong><\/p>\n\n\n<div class=\"wp-block-image\">\n<figure class=\"aligncenter\"><img decoding=\"async\" src=\"https:\/\/media2.utp.edu.co\/programas\/21\/linea_1.jpg\" alt=\"\"\/><\/figure>\n<\/div>\n\n\n<p><span class=\"post-content__span\"> <\/p>\n\n\n\n<p><span class=\"post-content__span\"> L\u00ednea 1<\/p>\n\n\n\n<h3 class=\"wp-block-heading\">Problemas de la est\u00e9tica y la teor\u00eda del arte contempor\u00e1neo<\/h3>\n\n\n\n<p><span class=\"post-content__span\"> Se ocupa de profundizar en las condiciones filos\u00f3ficas y pragm\u00e1ticas en las cuales tienen lugar las pr\u00e1cticas est\u00e9tico-art\u00edsticas hoy, en relaci\u00f3n con mediaciones ligadas al problema de lo t\u00e9cnico, lo simb\u00f3lico y lo pol\u00edtico en contextos situados. Esta l\u00ednea impulsa la realizaci\u00f3n de procesos de creaci\u00f3n y reflexi\u00f3n te\u00f3rica que posibiliten comprender las din\u00e1micas en las que se desenvuelve nuestra contemporaneidad est\u00e9tica y art\u00edstica, en contraste con los procesos globales y los m\u00faltiples sentidos derivados de su acontecer hist\u00f3rico en la esfera de lo p\u00fablico.<\/p>\n\n\n<div class=\"wp-block-image\">\n<figure class=\"aligncenter\"><img decoding=\"async\" src=\"https:\/\/media2.utp.edu.co\/programas\/21\/linea_2.jpg\" alt=\"\"\/><\/figure>\n<\/div>\n\n\n<p><span class=\"post-content__span\"> L\u00ednea 2<\/p>\n\n\n\n<h3 class=\"wp-block-heading\">La investigaci\u00f3n-creaci\u00f3n en la producci\u00f3n de obra<\/h3>\n\n\n\n<p><span class=\"post-content__span\"> Articula experiencias de producci\u00f3n de obra en el campo de las pr\u00e1cticas est\u00e9tico-art\u00edsticas contempor\u00e1neas, impulsando aquellos procesos cuya preocupaci\u00f3n recae en las relaciones de interdependencia que traman las dimensiones simb\u00f3licas, t\u00e9cnicas y pol\u00edticas propias del arte. Busca fundamentar el problema de la investigaci\u00f3n-creaci\u00f3n como innovaci\u00f3n no s\u00f3lo en el plano de las ideas art\u00edsticas, de los temas y los contenidos, sino tambi\u00e9n en el plano de la materialidad de los procesos, los modos de hacer y la posibilidad de proponer variaciones, transformaciones o refundaciones del campo art\u00edstico en particular, y del dominio de la producci\u00f3n significante en general.<\/p>\n\n\n<div class=\"wp-block-image\">\n<figure class=\"aligncenter\"><img decoding=\"async\" src=\"https:\/\/media2.utp.edu.co\/programas\/21\/linea_3.jpg\" alt=\"\"\/><\/figure>\n<\/div>\n\n\n<p><span class=\"post-content__span\"> L\u00ednea 3<\/p>\n\n\n\n<h3 class=\"wp-block-heading\">Est\u00e9ticas de la recepci\u00f3n y memorias culturales<\/h3>\n\n\n\n<p><span class=\"post-content__span\"> Esta l\u00ednea busca dar curso investigativo a la relaci\u00f3n entre procesos de creaci\u00f3n de obra y los modos de hacer de los p\u00fablicos, as\u00ed como a las formas de trabajo colaborativo que vinculan, bien a los actores o bien a sus pr\u00e1cticas, como aspectos constitutivos de las obras y los proyectos. Sit\u00faa su campo de actuaci\u00f3n en el \u00e1mbito cultural, lo cual se conecta con el despliegue de competencias socioculturales y pragm\u00e1ticas que demandan reconocer los mecanismos de funcionamiento, producci\u00f3n y circulaci\u00f3n de saber, la materialidad y concreci\u00f3n de los productos simb\u00f3licos, la construcci\u00f3n de sus significados y las consiguientes transformaciones y afectaciones en su desenvolvimiento.<\/p>\n","protected":false},"excerpt":{"rendered":"<p>Lineas de investigaci\u00f3n L\u00ednea 1 Problemas de la est\u00e9tica y la teor\u00eda del arte contempor\u00e1neo Se ocupa de profundizar en las condiciones filos\u00f3ficas y pragm\u00e1ticas en las cuales tienen lugar [&#8230;]<\/p>\n","protected":false},"author":1,"featured_media":0,"comment_status":"closed","ping_status":"closed","sticky":false,"template":"","format":"standard","meta":{"footnotes":""},"categories":[1],"tags":[],"class_list":["post-39","post","type-post","status-publish","format-standard","hentry","category-sin-categoria"],"_links":{"self":[{"href":"https:\/\/artes.utp.edu.co\/maestria-estetica-y-creacion\/wp-json\/wp\/v2\/posts\/39","targetHints":{"allow":["GET"]}}],"collection":[{"href":"https:\/\/artes.utp.edu.co\/maestria-estetica-y-creacion\/wp-json\/wp\/v2\/posts"}],"about":[{"href":"https:\/\/artes.utp.edu.co\/maestria-estetica-y-creacion\/wp-json\/wp\/v2\/types\/post"}],"author":[{"embeddable":true,"href":"https:\/\/artes.utp.edu.co\/maestria-estetica-y-creacion\/wp-json\/wp\/v2\/users\/1"}],"replies":[{"embeddable":true,"href":"https:\/\/artes.utp.edu.co\/maestria-estetica-y-creacion\/wp-json\/wp\/v2\/comments?post=39"}],"version-history":[{"count":1,"href":"https:\/\/artes.utp.edu.co\/maestria-estetica-y-creacion\/wp-json\/wp\/v2\/posts\/39\/revisions"}],"predecessor-version":[{"id":10148,"href":"https:\/\/artes.utp.edu.co\/maestria-estetica-y-creacion\/wp-json\/wp\/v2\/posts\/39\/revisions\/10148"}],"wp:attachment":[{"href":"https:\/\/artes.utp.edu.co\/maestria-estetica-y-creacion\/wp-json\/wp\/v2\/media?parent=39"}],"wp:term":[{"taxonomy":"category","embeddable":true,"href":"https:\/\/artes.utp.edu.co\/maestria-estetica-y-creacion\/wp-json\/wp\/v2\/categories?post=39"},{"taxonomy":"post_tag","embeddable":true,"href":"https:\/\/artes.utp.edu.co\/maestria-estetica-y-creacion\/wp-json\/wp\/v2\/tags?post=39"}],"curies":[{"name":"wp","href":"https:\/\/api.w.org\/{rel}","templated":true}]}}