{"id":9,"date":"2018-04-23T15:59:50","date_gmt":"2018-04-23T20:59:50","guid":{"rendered":"https:\/\/artes.utp.edu.co\/maestria-estetica-y-creacion\/2018\/04\/23\/objetivos\/"},"modified":"2022-09-09T10:43:46","modified_gmt":"2022-09-09T15:43:46","slug":"objetivos","status":"publish","type":"post","link":"https:\/\/artes.utp.edu.co\/maestria-estetica-y-creacion\/sin-categoria\/objetivos\/","title":{"rendered":"Objetivos"},"content":{"rendered":"<div class=\"wp-block-image\">\n<figure class=\"aligncenter is-resized\"><img decoding=\"async\" src=\"https:\/\/media2.utp.edu.co\/programas\/21\/objetivos.png\" alt=\"objetivos\" width=\"300\"\/><\/figure>\n<\/div>\n\n\n<ul class=\"wp-block-list\"><li>Desarrollar una concepci\u00f3n de creaci\u00f3n en la que el campo art\u00edstico y los modos de producci\u00f3n de obra configuran procesos culturales, intersubjetivos, colaborativos y\/o de competencias, en los que el artista se re-conoce como un productor-agenciador de proyectos creativos.<\/li><li>Configurar relaciones entre teor\u00eda y praxis, con \u00e9nfasis en la investigaci\u00f3n y la creaci\u00f3n de obra, que posibiliten nuevas reescrituras de los contextos est\u00e9ticos, culturales y art\u00edsticos.<\/li><li>Materializar nociones como las de inter y transdisciplinariedad, a partir del enfoque del plan de estudios y de la articulaci\u00f3n de las l\u00edneas de investigaci\u00f3n que soportan el programa: Problemas de la est\u00e9tica y la teor\u00eda del arte contempor\u00e1neo; Investigaci\u00f3n-creaci\u00f3n en la producci\u00f3n de obra; Est\u00e9ticas de la recepci\u00f3n y memorias culturales.<\/li><\/ul>\n","protected":false},"excerpt":{"rendered":"<p>Desarrollar una concepci\u00f3n de creaci\u00f3n en la que el campo art\u00edstico y los modos de producci\u00f3n de obra configuran procesos culturales, intersubjetivos, colaborativos y\/o de competencias, en los que el [&#8230;]<\/p>\n","protected":false},"author":1,"featured_media":0,"comment_status":"closed","ping_status":"closed","sticky":false,"template":"","format":"standard","meta":{"footnotes":""},"categories":[1],"tags":[],"class_list":["post-9","post","type-post","status-publish","format-standard","hentry","category-sin-categoria"],"_links":{"self":[{"href":"https:\/\/artes.utp.edu.co\/maestria-estetica-y-creacion\/wp-json\/wp\/v2\/posts\/9","targetHints":{"allow":["GET"]}}],"collection":[{"href":"https:\/\/artes.utp.edu.co\/maestria-estetica-y-creacion\/wp-json\/wp\/v2\/posts"}],"about":[{"href":"https:\/\/artes.utp.edu.co\/maestria-estetica-y-creacion\/wp-json\/wp\/v2\/types\/post"}],"author":[{"embeddable":true,"href":"https:\/\/artes.utp.edu.co\/maestria-estetica-y-creacion\/wp-json\/wp\/v2\/users\/1"}],"replies":[{"embeddable":true,"href":"https:\/\/artes.utp.edu.co\/maestria-estetica-y-creacion\/wp-json\/wp\/v2\/comments?post=9"}],"version-history":[{"count":2,"href":"https:\/\/artes.utp.edu.co\/maestria-estetica-y-creacion\/wp-json\/wp\/v2\/posts\/9\/revisions"}],"predecessor-version":[{"id":10177,"href":"https:\/\/artes.utp.edu.co\/maestria-estetica-y-creacion\/wp-json\/wp\/v2\/posts\/9\/revisions\/10177"}],"wp:attachment":[{"href":"https:\/\/artes.utp.edu.co\/maestria-estetica-y-creacion\/wp-json\/wp\/v2\/media?parent=9"}],"wp:term":[{"taxonomy":"category","embeddable":true,"href":"https:\/\/artes.utp.edu.co\/maestria-estetica-y-creacion\/wp-json\/wp\/v2\/categories?post=9"},{"taxonomy":"post_tag","embeddable":true,"href":"https:\/\/artes.utp.edu.co\/maestria-estetica-y-creacion\/wp-json\/wp\/v2\/tags?post=9"}],"curies":[{"name":"wp","href":"https:\/\/api.w.org\/{rel}","templated":true}]}}