{"id":8,"date":"2010-06-13T11:25:26","date_gmt":"2010-06-13T16:25:26","guid":{"rendered":"https:\/\/artes.utp.edu.co\/musica\/informacion-general\/"},"modified":"2025-02-20T15:33:35","modified_gmt":"2025-02-20T20:33:35","slug":"informacion-general","status":"publish","type":"post","link":"https:\/\/artes.utp.edu.co\/musica\/sin-categoria\/informacion-general\/","title":{"rendered":"Informaci\u00f3n General"},"content":{"rendered":"\n<p><strong><em>Acreditaci\u00f3n en Alta Calidad:<\/em><\/strong><\/p>\n\n\n\n<p>Resoluci\u00f3n 007574 del 23 de julio de 2019&nbsp;[<a href=\"https:\/\/media2.utp.edu.co\/programas\/16\/Resolucion_007574_Reacreditacion%20Musica%2024-07-19.pdf\">Resoluci\u00f3n 007574 23\/07\/2019<\/a>]<\/p>\n\n\n\n<p>Informe de Acreditaci\u00f3n <\/p>\n\n\n\n<div data-wp-interactive=\"core\/file\" class=\"wp-block-file\"><object data-wp-bind--hidden=\"!state.hasPdfPreview\" hidden class=\"wp-block-file__embed\" data=\"https:\/\/media2.utp.edu.co\/programas\/16\/DOCUMENTO-FINAL_-18-4-18.pdf\" type=\"application\/pdf\" style=\"width:100%;height:310px\" aria-label=\"Incrustado de DOCUMENTO FINAL_ 18-4-18.\"><\/object><a id=\"wp-block-file--media-6de86eb0-3f39-4a7a-b2c8-3b10fa566425\" href=\"https:\/\/media2.utp.edu.co\/programas\/16\/DOCUMENTO-FINAL_-18-4-18.pdf\">DOCUMENTO FINAL_ 18-4-18<\/a><a href=\"https:\/\/media2.utp.edu.co\/programas\/16\/DOCUMENTO-FINAL_-18-4-18.pdf\" class=\"wp-block-file__button wp-element-button\" download aria-describedby=\"wp-block-file--media-6de86eb0-3f39-4a7a-b2c8-3b10fa566425\">Descarga<\/a><\/div>\n\n\n\n<p>Anteriores<\/p>\n\n\n\n<ul class=\"wp-block-list\">\n<li>Resoluci\u00f3n 15249 de 23 de noviembre de 2012 [<a href=\"https:\/\/media2.utp.edu.co\/programas\/16\/Res.15249CNA.Musica_2.pdf\">Resoluci\u00f3n 15249 23\/11\/2012<\/a>]<\/li>\n\n\n\n<li>Ministerio de Educaci\u00f3n Nacional [<a href=\"https:\/\/media2.utp.edu.co\/programas\/16\/DOCUMENTO%20FINAL_VK.pdf\">Documento Final VK<\/a><strong><em><strong>]<\/strong><\/em><\/strong><\/li>\n<\/ul>\n\n\n\n<p><strong>Registro Calificado:<\/strong><\/p>\n\n\n\n<p>Resoluci\u00f3n 016104&nbsp;del 18 de diciembre de 2019, Registro Calificado por 7 a\u00f1os (vigente) [<a href=\"https:\/\/media2.utp.edu.co\/programas\/16\/Res.16104%2Bde%2B2019%2BMEN%2B(Renueva%2BLic.%2Ben%2BM%C3%BAsica).pdf\">Resoluci\u00f3n 016104 18\/12\/2019<\/a>]<\/p>\n\n\n\n<p>Anteriores:<\/p>\n\n\n\n<ul class=\"wp-block-list\">\n<li>Resoluci\u00f3n 5078 del 24 de Junio de 2010 [<a href=\"https:\/\/media2.utp.edu.co\/programas\/16\/5078_24-06-2010-Registro_Calificado.pdf\">5078 24\/06\/2010 Registro Calificado<\/a>]<\/li>\n\n\n\n<li>Renovaci\u00f3n de Registro Calificado por 7 a\u00f1os, Resoluci\u00f3n 4289 de 2011&nbsp;[<a href=\"https:\/\/media2.utp.edu.co\/programas\/16\/4289_27-05-2011_Creditos.pdf\">4289 27\/05\/2011 Cr\u00e9ditos<\/a>]<\/li>\n<\/ul>\n\n\n\n<p><strong>PEPLM (Proyecto Educativo Programa de Licenciatura en M\u00fasica)<\/strong><\/p>\n\n\n\n<p><a href=\"https:\/\/media2.utp.edu.co\/programas\/16\/PEPLM%20Actualizado%20mision%20y%20vision-Reacreditacion.pdf\">PEPLM<\/a><\/p>\n\n\n\n<p><strong>ACUERDO PLAN DE ESTUDIOS VIGENTE<\/strong><\/p>\n\n\n\n<div data-wp-interactive=\"core\/file\" class=\"wp-block-file\"><object data-wp-bind--hidden=\"!state.hasPdfPreview\" hidden class=\"wp-block-file__embed\" data=\"https:\/\/media2.utp.edu.co\/programas\/16\/Acuerdo-No.-08-Plan-de-Estudios-11.pdf\" type=\"application\/pdf\" style=\"width:100%;height:300px\" aria-label=\"Incrustado de Acuerdo-No.-08-Plan-de-Estudios-11.\"><\/object><a id=\"wp-block-file--media-ba2f2f41-4d9a-45ea-8d83-fec4bfcc4624\" href=\"https:\/\/media2.utp.edu.co\/programas\/16\/Acuerdo-No.-08-Plan-de-Estudios-11.pdf\">Acuerdo-No.-08-Plan-de-Estudios-11<\/a><a href=\"https:\/\/media2.utp.edu.co\/programas\/16\/Acuerdo-No.-08-Plan-de-Estudios-11.pdf\" class=\"wp-block-file__button wp-element-button\" download aria-describedby=\"wp-block-file--media-ba2f2f41-4d9a-45ea-8d83-fec4bfcc4624\">Descarga<\/a><\/div>\n\n\n\n<p><strong>MODALIDAD&nbsp;<\/strong><\/p>\n\n\n\n<p>&nbsp;Presencial.<\/p>\n\n\n\n<p><strong>TITULO<\/strong><\/p>\n\n\n\n<p>Licenciado(a) en M\u00fasica<\/p>\n\n\n\n<p><strong>DURACION&nbsp;<\/strong><\/p>\n\n\n\n<p>Diez semestres.<\/p>\n\n\n\n<p>Horario diurno<\/p>\n\n\n\n<p><strong>JORNADA<\/strong><\/p>\n\n\n\n<p>Diurna<\/p>\n\n\n\n<p><strong>REQUISITOS DE INGRESO<\/strong><\/p>\n\n\n\n<ul class=\"wp-block-list\">\n<li>T\u00edtulo de bachiller<\/li>\n\n\n\n<li>Resultados de las pruebas de Estado<\/li>\n\n\n\n<li>Presentaci\u00f3n de una prueba de aptitud musical<\/li>\n<\/ul>\n\n\n\n<p><strong>PRUEBA DE APTITUD MUSICAL<\/strong><\/p>\n\n\n\n<p><strong>La prueba de aptitud, busca conocer en el aspirante, sus competencias en tres puntos principales a ser evaluados:<\/strong><\/p>\n\n\n\n<ol class=\"wp-block-list\">\n<li>Disociaci\u00f3n r\u00edtmica<\/li>\n\n\n\n<li>Desarrollo auditivo, y<\/li>\n\n\n\n<li>Entonaci\u00f3n,<\/li>\n<\/ol>\n\n\n\n<p><strong>En la prueba no se obliga audici\u00f3n instrumental, pero si el aspirante lo quiere, DEBE traer su instrumento.<\/strong><\/p>\n\n\n\n<p><strong>REQUISITOS DE GRADO<\/strong><\/p>\n\n\n\n<ul class=\"wp-block-list\">\n<li>Aprobaci\u00f3n de todas las asignaturas del plan de estudios<\/li>\n\n\n\n<li>Aprobaci\u00f3n y sustentaci\u00f3n del trabajo de grado<\/li>\n\n\n\n<li>Aprobar tres cursos de Optativas<\/li>\n<\/ul>\n\n\n\n<p><strong>CONTACTO:&nbsp;<\/strong><\/p>\n\n\n\n<ul class=\"wp-block-list\">\n<li>Horario de atenci\u00f3n:                                                                                                                             Lunes a Jueves de 7 am a 12 m y de 2 pm a 5 pm                                                                                     Viernes de 7 am a 12 m y de 1 pm a 4 pm<\/li>\n\n\n\n<li>Whatsapp:\u00a0\u00a0<strong>3245856002\u00a0<\/strong><\/li>\n\n\n\n<li>Correo:&nbsp;<a href=\"mailto:escuelademusica@utp.edu.co\">escuelademusica@utp.edu.co<\/a><\/li>\n\n\n\n<li>Tel\u00e9fono:&nbsp; 3137300, ext. 7202<\/li>\n<\/ul>\n\n\n\n<p><strong>Direcci\u00f3n<\/strong><\/p>\n\n\n\n<p>Cra 27 # 10 &#8211; 02 Edificio 12 Oficina 410&nbsp;                                                                                           Universidad Tecnol\u00f3gica de Pereira&nbsp;&nbsp;&nbsp;&nbsp;&nbsp;&nbsp;&nbsp;&nbsp;&nbsp;&nbsp;&nbsp;&nbsp;&nbsp;&nbsp;&nbsp;&nbsp;&nbsp;&nbsp;&nbsp;&nbsp;&nbsp;&nbsp;&nbsp;&nbsp;&nbsp;&nbsp;&nbsp;&nbsp;&nbsp;&nbsp;&nbsp;&nbsp;&nbsp;&nbsp;&nbsp;&nbsp;&nbsp;&nbsp;&nbsp;&nbsp;&nbsp;&nbsp;&nbsp;&nbsp;<\/p>\n\n\n\n<p><\/p>\n\n\n\n<p><\/p>\n","protected":false},"excerpt":{"rendered":"<p>Acreditaci\u00f3n en Alta Calidad: Resoluci\u00f3n 007574 del 23 de julio de 2019&nbsp;[Resoluci\u00f3n 007574 23\/07\/2019] Informe de Acreditaci\u00f3n Anteriores Registro Calificado: Resoluci\u00f3n 016104&nbsp;del 18 de diciembre de 2019, Registro Calificado por 7 a\u00f1os (vigente) [Resoluci\u00f3n 016104 [&#8230;]<\/p>\n","protected":false},"author":1,"featured_media":0,"comment_status":"closed","ping_status":"closed","sticky":false,"template":"","format":"standard","meta":{"footnotes":""},"categories":[1],"tags":[],"class_list":["post-8","post","type-post","status-publish","format-standard","hentry","category-sin-categoria"],"_links":{"self":[{"href":"https:\/\/artes.utp.edu.co\/musica\/wp-json\/wp\/v2\/posts\/8","targetHints":{"allow":["GET"]}}],"collection":[{"href":"https:\/\/artes.utp.edu.co\/musica\/wp-json\/wp\/v2\/posts"}],"about":[{"href":"https:\/\/artes.utp.edu.co\/musica\/wp-json\/wp\/v2\/types\/post"}],"author":[{"embeddable":true,"href":"https:\/\/artes.utp.edu.co\/musica\/wp-json\/wp\/v2\/users\/1"}],"replies":[{"embeddable":true,"href":"https:\/\/artes.utp.edu.co\/musica\/wp-json\/wp\/v2\/comments?post=8"}],"version-history":[{"count":9,"href":"https:\/\/artes.utp.edu.co\/musica\/wp-json\/wp\/v2\/posts\/8\/revisions"}],"predecessor-version":[{"id":10194,"href":"https:\/\/artes.utp.edu.co\/musica\/wp-json\/wp\/v2\/posts\/8\/revisions\/10194"}],"wp:attachment":[{"href":"https:\/\/artes.utp.edu.co\/musica\/wp-json\/wp\/v2\/media?parent=8"}],"wp:term":[{"taxonomy":"category","embeddable":true,"href":"https:\/\/artes.utp.edu.co\/musica\/wp-json\/wp\/v2\/categories?post=8"},{"taxonomy":"post_tag","embeddable":true,"href":"https:\/\/artes.utp.edu.co\/musica\/wp-json\/wp\/v2\/tags?post=8"}],"curies":[{"name":"wp","href":"https:\/\/api.w.org\/{rel}","templated":true}]}}