{"id":9,"date":"2010-06-13T11:27:26","date_gmt":"2010-06-13T16:27:26","guid":{"rendered":"https:\/\/artes.utp.edu.co\/musica\/perfil\/"},"modified":"2022-09-23T14:22:26","modified_gmt":"2022-09-23T19:22:26","slug":"perfil","status":"publish","type":"post","link":"https:\/\/artes.utp.edu.co\/musica\/sin-categoria\/perfil\/","title":{"rendered":"Perfil"},"content":{"rendered":"\n<h3 class=\"wp-block-heading\">Perfil del Estudiante<\/h3>\n\n\n\n<div>Es una persona&nbsp; con&nbsp; aptitudes&nbsp; f\u00edsicas y mentales para interpretar un instrumento musical, que adquiere el compromiso de hacer parte de un proceso formativo que le dar\u00e1 las herramientas&nbsp; pedag\u00f3gicas, investigativas y did\u00e1cticas pertinentes, con el fin de desarrollar&nbsp; competencias&nbsp; que&nbsp; impacten de manera efectiva y eficaz la educaci\u00f3n de sus estudiantes y le permitan adquirir&nbsp; referentes de calidad&nbsp;&nbsp; suficientes para el desarrollo de su quehacer en el aula.<\/div>\n\n\n\n<div>&nbsp;<\/div>\n\n\n\n<h3 class=\"wp-block-heading\">Perfil Profesional<\/h3>\n\n\n\n<p>El egresado del Programa de Licenciatura en M\u00fasica tiene una formaci\u00f3n integral, que le permite desempe\u00f1ar con \u00e9xito su profesi\u00f3n y liderar procesos de desarrollo musical a nivel institucional y comunitario<\/p>\n\n\n\n<p>La Escuela de M\u00fasica se propone, ante todo, formar al Pedagogo musical como ser integral, para que preste servicio al desarrollo musical y social;&nbsp; contribuya en el proceso de modernizaci\u00f3n y equidad de la sociedad con calidad y excelencia, y desarrolle instituciones musicales inteligentes para lograr un desarrollo arm\u00f3nico.<\/p>\n\n\n\n<p>El egresado se caracteriza por ser:<\/p>\n\n\n\n<ul class=\"wp-block-list\"><li>Un conocedor y estudioso de la m\u00fasica y del contexto socio-cultural<\/li><li>Agente de cambio y promotor de innovaciones.<\/li><li>L\u00edder comunitario y realizador de trabajo social con compromiso, eticidad, espiritualidad y respeto por lo que hace.<\/li><li>Planificador e implementador de investigaciones sociales y musicales.<\/li><\/ul>\n\n\n\n<p>El Programa de Licenciatura en M\u00fasica forma integralmente al estudiante en competencias disciplinarias, interdisciplinarias, investigativas, sociales y comunicativas, que lo habilitan para desempe\u00f1arse como:&nbsp; docente, investigador, instrumentista, arreglista y\/o compositor, integrante de agrupaciones musicales y coordinador cultural.&nbsp; Es decir, est\u00e1 en capacidad de:<\/p>\n\n\n\n<ul class=\"wp-block-list\"><li>Ejercer con idoneidad el campo de la pedagog\u00eda musical.<\/li><li>Asumir con capacidad creativa, cr\u00edtica e investigativa, el trabajo musical<\/li><li>Fomentar la conciencia social, cultural y Humanista, mediante el ejercicio de la docencia.<\/li><li>Interpretar las pol\u00edticas que el sistema educativo determine en el campo musical.<\/li><li>Responder a las necesidades musicales b\u00e1sicas del medio a nivel acad\u00e9mico, cultural y art\u00edstico.<\/li><\/ul>\n\n\n\n<p>Las competencias disciplinarias, interdisciplinarias, investigativas, sociales y comunicativas&nbsp; que requiere el egresado para desempe\u00f1ar con \u00e9xito las funciones profesionales, del PROGRAMA DE LICENCIATURA EN MUSICA, las desarrolla a trav\u00e9s de sus programas de pregrado, formaci\u00f3n avanzada y educaci\u00f3n no formal.<\/p>\n\n\n\n<h3 class=\"wp-block-heading\">Perfil Ocupacional<\/h3>\n\n\n\n<p>La Licenciatura en M\u00fasica se propone formar un profesional para desempe\u00f1arse como:<\/p>\n\n\n\n<ul class=\"wp-block-list\"><li>Docente en el \u00e1rea espec\u00edfica musical a nivel acad\u00e9mico y art\u00edstico, con formaci\u00f3n b\u00e1sica.<\/li><li>Instrumentista con un nivel de formaci\u00f3n b\u00e1sica, para conformar agrupaciones musicales en sus diferentes g\u00e9neros y a la vez continuar estudios superiores, a nivel de especializaci\u00f3n en una de las diferentes l\u00edneas de \u00e9nfasis instrumental.<\/li><li>Dise\u00f1ador y evaluador de programas en educaci\u00f3n musical.<\/li><li>Coordinador cultural de actividades art\u00edstico-culturales, proyectadas a la comunidad.<\/li><li>Investigador en el campo musical a nivel pedag\u00f3gico, socio-cultural o art\u00edstico.<\/li><li>Arreglista o compositor en el campo did\u00e1ctico-pedag\u00f3gico musical.<\/li><\/ul>\n\n\n\n<p>Integrante o Director de agrupaciones musicales en sus diferentes modalidades, de acuerdo con sus capacidades espec\u00edficas.<\/p>\n","protected":false},"excerpt":{"rendered":"<p>Perfil del Estudiante Es una persona&nbsp; con&nbsp; aptitudes&nbsp; f\u00edsicas y mentales para interpretar un instrumento musical, que adquiere el compromiso de hacer parte de un proceso formativo que le dar\u00e1 las herramientas&nbsp; pedag\u00f3gicas, investigativas y [&#8230;]<\/p>\n","protected":false},"author":1,"featured_media":0,"comment_status":"closed","ping_status":"closed","sticky":false,"template":"","format":"standard","meta":{"footnotes":""},"categories":[1],"tags":[],"class_list":["post-9","post","type-post","status-publish","format-standard","hentry","category-sin-categoria"],"_links":{"self":[{"href":"https:\/\/artes.utp.edu.co\/musica\/wp-json\/wp\/v2\/posts\/9","targetHints":{"allow":["GET"]}}],"collection":[{"href":"https:\/\/artes.utp.edu.co\/musica\/wp-json\/wp\/v2\/posts"}],"about":[{"href":"https:\/\/artes.utp.edu.co\/musica\/wp-json\/wp\/v2\/types\/post"}],"author":[{"embeddable":true,"href":"https:\/\/artes.utp.edu.co\/musica\/wp-json\/wp\/v2\/users\/1"}],"replies":[{"embeddable":true,"href":"https:\/\/artes.utp.edu.co\/musica\/wp-json\/wp\/v2\/comments?post=9"}],"version-history":[{"count":2,"href":"https:\/\/artes.utp.edu.co\/musica\/wp-json\/wp\/v2\/posts\/9\/revisions"}],"predecessor-version":[{"id":10079,"href":"https:\/\/artes.utp.edu.co\/musica\/wp-json\/wp\/v2\/posts\/9\/revisions\/10079"}],"wp:attachment":[{"href":"https:\/\/artes.utp.edu.co\/musica\/wp-json\/wp\/v2\/media?parent=9"}],"wp:term":[{"taxonomy":"category","embeddable":true,"href":"https:\/\/artes.utp.edu.co\/musica\/wp-json\/wp\/v2\/categories?post=9"},{"taxonomy":"post_tag","embeddable":true,"href":"https:\/\/artes.utp.edu.co\/musica\/wp-json\/wp\/v2\/tags?post=9"}],"curies":[{"name":"wp","href":"https:\/\/api.w.org\/{rel}","templated":true}]}}